{"id":2256,"date":"2019-12-11T16:49:19","date_gmt":"2019-12-11T14:49:19","guid":{"rendered":"https:\/\/digiculture.eu\/?p=2256"},"modified":"2020-02-27T23:33:56","modified_gmt":"2020-02-27T21:33:56","slug":"workshop-digital-skills-and-competences-digital-culture-europeana-and-timisoara-2021","status":"publish","type":"post","link":"https:\/\/digiculture.eu\/ro\/workshop-digital-skills-and-competences-digital-culture-europeana-and-timisoara-2021\/","title":{"rendered":"Workshop Competen\u021be \u0219i abilit\u0103\u021bi digitale \u2013 Digital Culture, Europeana \u0219i Timi\u0219oara 2021- a patra edi\u021bie"},"content":{"rendered":"<div data-elementor-type=\"wp-post\" data-elementor-id=\"2256\" class=\"elementor elementor-2256\">\n\t\t\t\t\t\t\t\t\t<section class=\"elementor-section elementor-top-section elementor-element elementor-element-7edd34f9 elementor-section-boxed elementor-section-height-default elementor-section-height-default\" data-id=\"7edd34f9\" data-element_type=\"section\">\n\t\t\t\t\t\t<div class=\"elementor-container elementor-column-gap-default\">\n\t\t\t\t\t<div class=\"elementor-column elementor-col-100 elementor-top-column elementor-element elementor-element-32929001\" data-id=\"32929001\" data-element_type=\"column\">\n\t\t\t<div class=\"elementor-widget-wrap elementor-element-populated\">\n\t\t\t\t\t\t\t\t<div class=\"elementor-element elementor-element-392a1611 elementor-widget elementor-widget-text-editor\" data-id=\"392a1611\" data-element_type=\"widget\" data-widget_type=\"text-editor.default\">\n\t\t\t\t<div class=\"elementor-widget-container\">\n\t\t\t\t\t\t\t<p>Universitatea Politehnica Timi\u0219oara, prin Centrul ID\/IFR \u0219i e-Learning \u00eempreun\u0103 cu Centrul Multimedia v\u0103 invit\u0103<\/p><p class=\" translation-block\">vineri 13 decembrie 2019 \u2013 \u00eentre orele 11:00-16:30, \u00een sala Polivalent\u0103 a Centrului de Conferin\u021be UPT, Bd-ul Vasile P\u00e2rvan nr. 2B, Timi\u0219oara.<\/p>\t\t\t\t\t\t<\/div>\n\t\t\t\t<\/div>\n\t\t\t\t\t<\/div>\n\t\t<\/div>\n\t\t\t\t\t\t\t<\/div>\n\t\t<\/section>\n\t\t\t\t<section class=\"elementor-section elementor-top-section elementor-element elementor-element-701d5542 elementor-section-boxed elementor-section-height-default elementor-section-height-default\" data-id=\"701d5542\" data-element_type=\"section\">\n\t\t\t\t\t\t<div class=\"elementor-container elementor-column-gap-default\">\n\t\t\t\t\t<div class=\"elementor-column elementor-col-100 elementor-top-column elementor-element elementor-element-65ed29f9\" data-id=\"65ed29f9\" data-element_type=\"column\">\n\t\t\t<div class=\"elementor-widget-wrap elementor-element-populated\">\n\t\t\t\t\t\t\t\t<div class=\"elementor-element elementor-element-63c536c2 elementor-widget elementor-widget-heading\" data-id=\"63c536c2\" data-element_type=\"widget\" data-widget_type=\"heading.default\">\n\t\t\t\t<div class=\"elementor-widget-container\">\n\t\t\t<h3 class=\"elementor-heading-title elementor-size-default\">Workshop<\/h3>\t\t<\/div>\n\t\t\t\t<\/div>\n\t\t\t\t\t<\/div>\n\t\t<\/div>\n\t\t\t\t\t\t\t<\/div>\n\t\t<\/section>\n\t\t\t\t<section class=\"elementor-section elementor-top-section elementor-element elementor-element-175401eb elementor-section-boxed elementor-section-height-default elementor-section-height-default\" data-id=\"175401eb\" data-element_type=\"section\">\n\t\t\t\t\t\t<div class=\"elementor-container elementor-column-gap-default\">\n\t\t\t\t\t<div class=\"elementor-column elementor-col-100 elementor-top-column elementor-element elementor-element-18c60770\" data-id=\"18c60770\" data-element_type=\"column\">\n\t\t\t<div class=\"elementor-widget-wrap elementor-element-populated\">\n\t\t\t\t\t\t\t\t<div class=\"elementor-element elementor-element-157392d7 elementor-widget elementor-widget-heading\" data-id=\"157392d7\" data-element_type=\"widget\" data-widget_type=\"heading.default\">\n\t\t\t\t<div class=\"elementor-widget-container\">\n\t\t\t<h2 class=\"elementor-heading-title elementor-size-default\">Competen\u021be \u0219i abilit\u0103\u021bi digitale<\/h2>\t\t<\/div>\n\t\t\t\t<\/div>\n\t\t\t\t\t<\/div>\n\t\t<\/div>\n\t\t\t\t\t\t\t<\/div>\n\t\t<\/section>\n\t\t\t\t<section class=\"elementor-section elementor-top-section elementor-element elementor-element-6c5bc6e4 elementor-section-boxed elementor-section-height-default elementor-section-height-default\" data-id=\"6c5bc6e4\" data-element_type=\"section\">\n\t\t\t\t\t\t<div class=\"elementor-container elementor-column-gap-default\">\n\t\t\t\t\t<div class=\"elementor-column elementor-col-100 elementor-top-column elementor-element elementor-element-5bd91d1f\" data-id=\"5bd91d1f\" data-element_type=\"column\">\n\t\t\t<div class=\"elementor-widget-wrap elementor-element-populated\">\n\t\t\t\t\t\t\t\t<div class=\"elementor-element elementor-element-5c837a2f elementor-widget elementor-widget-heading\" data-id=\"5c837a2f\" data-element_type=\"widget\" data-widget_type=\"heading.default\">\n\t\t\t\t<div class=\"elementor-widget-container\">\n\t\t\t<h3 class=\"elementor-heading-title elementor-size-default\"><i>Digital Culture , Europeana \u0219i Timi\u0219oara 2021<\/i><\/h3>\t\t<\/div>\n\t\t\t\t<\/div>\n\t\t\t\t\t<\/div>\n\t\t<\/div>\n\t\t\t\t\t\t\t<\/div>\n\t\t<\/section>\n\t\t\t\t<section class=\"elementor-section elementor-top-section elementor-element elementor-element-dc2410f elementor-section-boxed elementor-section-height-default elementor-section-height-default\" data-id=\"dc2410f\" data-element_type=\"section\">\n\t\t\t\t\t\t<div class=\"elementor-container elementor-column-gap-default\">\n\t\t\t\t\t<div class=\"elementor-column elementor-col-100 elementor-top-column elementor-element elementor-element-3b1159ba\" data-id=\"3b1159ba\" data-element_type=\"column\">\n\t\t\t<div class=\"elementor-widget-wrap elementor-element-populated\">\n\t\t\t\t\t\t\t\t<div class=\"elementor-element elementor-element-229d9f16 elementor-widget elementor-widget-text-editor\" data-id=\"229d9f16\" data-element_type=\"widget\" data-widget_type=\"text-editor.default\">\n\t\t\t\t<div class=\"elementor-widget-container\">\n\t\t\t\t\t\t\tCe reprezint\u0103 industriile creative \u0219i care este impactul lor \u00een economia global\u0103? Ce reprezint\u0103 competen\u021bele digitale \u0219i ce sunt abilit\u0103\u021bile digitale \u0219i cum se valideaz\u0103 acestea \u00een domeniul industriilor creative? Cum se pot accesa, utiliza \u0219i integra diverse unelte \u0219i aplica\u021bii online, mobile?\t\t\t\t\t\t<\/div>\n\t\t\t\t<\/div>\n\t\t\t\t\t<\/div>\n\t\t<\/div>\n\t\t\t\t\t\t\t<\/div>\n\t\t<\/section>\n\t\t\t\t<section class=\"elementor-section elementor-top-section elementor-element elementor-element-428a9469 elementor-section-boxed elementor-section-height-default elementor-section-height-default\" data-id=\"428a9469\" data-element_type=\"section\">\n\t\t\t\t\t\t<div class=\"elementor-container elementor-column-gap-default\">\n\t\t\t\t\t<div class=\"elementor-column elementor-col-100 elementor-top-column elementor-element elementor-element-6685ae0\" data-id=\"6685ae0\" data-element_type=\"column\">\n\t\t\t<div class=\"elementor-widget-wrap elementor-element-populated\">\n\t\t\t\t\t\t\t\t<div class=\"elementor-element elementor-element-483e8a9 elementor-widget elementor-widget-text-editor\" data-id=\"483e8a9\" data-element_type=\"widget\" data-widget_type=\"text-editor.default\">\n\t\t\t\t<div class=\"elementor-widget-container\">\n\t\t\t\t\t\t\t<p>\u00cen cadrul acestui workshop-ului vor fi prezentate exemple practice de utilizare \u0219i integrare a elementelor digitale, a aplica\u021biilor de realitate virtual\u0103 \u0219i augmentat\u0103 (AR &amp; VR) \u00een educa\u021bie, cultur\u0103 \u0219i \u00een promovarea patrimoniului cultural \u0219i \u00een industriile creative. Accentul se va pune pe colec\u021biile Europeana, a aplica\u021biilor de stocare a obiectelor culturale, al modului \u00een care Timi\u0219oara2021 va fi prezent\u0103 \u00een Europeana, dar \u0219i modul \u00een care colec\u021biile pot fi utilizate in educa\u021bie. Modalit\u0103\u021bi de promovare atractiv\u0103 a muzeelor, a \u0219tiin\u021belor exacte \u0219i artelor \u00een r\u00e2ndul tinerilor, cu ajutorul aplica\u021biilor de robotic\u0103, AR \u0219i VR vor fi prezentate cu exemple din Europa \u0219i Timi\u0219oara.<\/p><p class=\" translation-block\">\u00cen timpul workshop-ului va fi prezentat\u0103 \u0219i strategia digital\u0103 a Galway 2020 Capitala European\u0103 a Culturii \u0219i posibilit\u0103\u021bile de colaborare cu arti\u0219tii din Irlanda.\nPrezentarea proiectului Patrimoniul sub reflectoare Timi\u0219oara, care utilizeaz\u0103 concepte precum patrimoniul digital, integrate \u00een aplica\u021bii web \u0219i mobile \u0219i implicarea culturala a comunit\u0103\u021bilor va fi un alt punct de interes.\nPlatforma de date culturale digitale a Timi\u0219oara2021, identitatea digital\u0103 vizual\u0103 a programului cultural dedicat Capitalei European\u0103 a Culturii, a conserv\u0103rii memoriilor individuale \u0219i colective, indexarea, arhivarea datelor culturale \u0219i racordarea cu Europeana va fi lansat\u0103 cu aceast\u0103 ocazie.<\/p>\t\t\t\t\t\t<\/div>\n\t\t\t\t<\/div>\n\t\t\t\t\t<\/div>\n\t\t<\/div>\n\t\t\t\t\t\t\t<\/div>\n\t\t<\/section>\n\t\t\t\t<section class=\"elementor-section elementor-top-section elementor-element elementor-element-7db9ec68 elementor-section-boxed elementor-section-height-default elementor-section-height-default\" data-id=\"7db9ec68\" data-element_type=\"section\">\n\t\t\t\t\t\t<div class=\"elementor-container elementor-column-gap-default\">\n\t\t\t\t\t<div class=\"elementor-column elementor-col-100 elementor-top-column elementor-element elementor-element-171d86da\" data-id=\"171d86da\" data-element_type=\"column\">\n\t\t\t<div class=\"elementor-widget-wrap elementor-element-populated\">\n\t\t\t\t\t\t\t\t<div class=\"elementor-element elementor-element-19415144 elementor-widget elementor-widget-text-editor\" data-id=\"19415144\" data-element_type=\"widget\" data-widget_type=\"text-editor.default\">\n\t\t\t\t<div class=\"elementor-widget-container\">\n\t\t\t\t\t\t\t<p>Cu speakeri de nivel interna\u021bional din SUA, Europa \u0219i Rom\u00e2nia, workshop-ul se adreseaz\u0103 tuturor actorilor din domeniul industriilor creative, cel cultural, arti\u0219tilor, studen\u021bilor, profesorilor universitari, dar \u0219i celor din domeniul turistic.<\/p><p>Workshop-ul este organizat \u00een parteneriat cu EDEN (European Distance and E-learning Network), IEEE Romania \u0219i este dedicat programului Timi\u0219oara2021.<\/p>\t\t\t\t\t\t<\/div>\n\t\t\t\t<\/div>\n\t\t\t\t\t<\/div>\n\t\t<\/div>\n\t\t\t\t\t\t\t<\/div>\n\t\t<\/section>\n\t\t\t\t<section class=\"elementor-section elementor-top-section elementor-element elementor-element-7f178a53 elementor-section-boxed elementor-section-height-default elementor-section-height-default\" data-id=\"7f178a53\" data-element_type=\"section\">\n\t\t\t\t\t\t<div class=\"elementor-container elementor-column-gap-default\">\n\t\t\t\t\t<div class=\"elementor-column elementor-col-100 elementor-top-column elementor-element elementor-element-6e0923aa\" data-id=\"6e0923aa\" data-element_type=\"column\">\n\t\t\t<div class=\"elementor-widget-wrap elementor-element-populated\">\n\t\t\t\t\t\t\t\t<div class=\"elementor-element elementor-element-fceef99 elementor-widget elementor-widget-image\" data-id=\"fceef99\" data-element_type=\"widget\" data-widget_type=\"image.default\">\n\t\t\t\t<div class=\"elementor-widget-container\">\n\t\t\t\t\t\t\t\t\t\t\t\t\t\t\t<img loading=\"lazy\" decoding=\"async\" width=\"300\" height=\"48\" src=\"https:\/\/digiculture.eu\/wp-content\/uploads\/2019\/12\/Erasmus-DigiCulture-PixTeller-1-300x48.png\" class=\"attachment-medium size-medium wp-image-2258\" alt=\"\" srcset=\"https:\/\/digiculture.eu\/wp-content\/uploads\/2019\/12\/Erasmus-DigiCulture-PixTeller-1-300x48.png 300w, https:\/\/digiculture.eu\/wp-content\/uploads\/2019\/12\/Erasmus-DigiCulture-PixTeller-1-768x123.png 768w, https:\/\/digiculture.eu\/wp-content\/uploads\/2019\/12\/Erasmus-DigiCulture-PixTeller-1-465x74.png 465w, https:\/\/digiculture.eu\/wp-content\/uploads\/2019\/12\/Erasmus-DigiCulture-PixTeller-1-695x111.png 695w, https:\/\/digiculture.eu\/wp-content\/uploads\/2019\/12\/Erasmus-DigiCulture-PixTeller-1.png 914w\" sizes=\"(max-width: 300px) 100vw, 300px\" \/>\t\t\t\t\t\t\t\t\t\t\t\t\t\t\t<\/div>\n\t\t\t\t<\/div>\n\t\t\t\t\t<\/div>\n\t\t<\/div>\n\t\t\t\t\t\t\t<\/div>\n\t\t<\/section>\n\t\t\t\t<section class=\"elementor-section elementor-top-section elementor-element elementor-element-37ab1275 elementor-section-boxed elementor-section-height-default elementor-section-height-default\" data-id=\"37ab1275\" data-element_type=\"section\">\n\t\t\t\t\t\t<div class=\"elementor-container elementor-column-gap-default\">\n\t\t\t\t\t<div class=\"elementor-column elementor-col-100 elementor-top-column elementor-element elementor-element-786f8479\" data-id=\"786f8479\" data-element_type=\"column\">\n\t\t\t<div class=\"elementor-widget-wrap elementor-element-populated\">\n\t\t\t\t\t\t\t\t<div class=\"elementor-element elementor-element-7924ed5c elementor-widget elementor-widget-text-editor\" data-id=\"7924ed5c\" data-element_type=\"widget\" data-widget_type=\"text-editor.default\">\n\t\t\t\t<div class=\"elementor-widget-container\">\n\t\t\t\t\t\t\t<p>Prezent\u0103rile acestui workshop sunt parte din strategia proiectului Erasmus+ DigiCulture \u2013 \u201cPerfec\u0163ionarea Competen\u0163elor Digitale \u0219i \u00cembun\u0103t\u0103\u0163irea Incluziunii Sociale a Adul\u0163ilor \u00een Industriile Creative\u201d, de construire a unui curs online gratuit.<\/p>\t\t\t\t\t\t<\/div>\n\t\t\t\t<\/div>\n\t\t\t\t\t<\/div>\n\t\t<\/div>\n\t\t\t\t\t\t\t<\/div>\n\t\t<\/section>\n\t\t\t\t<section class=\"elementor-section elementor-top-section elementor-element elementor-element-62c5d648 elementor-section-boxed elementor-section-height-default elementor-section-height-default\" data-id=\"62c5d648\" data-element_type=\"section\">\n\t\t\t\t\t\t<div class=\"elementor-container elementor-column-gap-default\">\n\t\t\t\t\t<div class=\"elementor-column elementor-col-100 elementor-top-column elementor-element elementor-element-64cf6469\" data-id=\"64cf6469\" data-element_type=\"column\">\n\t\t\t<div class=\"elementor-widget-wrap elementor-element-populated\">\n\t\t\t\t\t\t\t\t<div class=\"elementor-element elementor-element-519a3780 elementor-widget elementor-widget-text-editor\" data-id=\"519a3780\" data-element_type=\"widget\" data-widget_type=\"text-editor.default\">\n\t\t\t\t<div class=\"elementor-widget-container\">\n\t\t\t\t\t\t\t<p class=\" translation-block\">Workshop-ul va fi transmis live online pe pagina de Facebook \u0219i disponibil online in UniCampus.\nParticiparea este liber\u0103, prezent\u0103rile se vor desf\u0103\u0219ura \u00een Rom\u00e2n\u0103 \u0219i Englez\u0103 \u0219i se va elibera certificat de participare.<\/p>\t\t\t\t\t\t<\/div>\n\t\t\t\t<\/div>\n\t\t\t\t\t<\/div>\n\t\t<\/div>\n\t\t\t\t\t\t\t<\/div>\n\t\t<\/section>\n\t\t\t\t<section class=\"elementor-section elementor-top-section elementor-element elementor-element-74eb851 elementor-section-boxed elementor-section-height-default elementor-section-height-default\" data-id=\"74eb851\" data-element_type=\"section\">\n\t\t\t\t\t\t<div class=\"elementor-container elementor-column-gap-default\">\n\t\t\t\t\t<div class=\"elementor-column elementor-col-100 elementor-top-column elementor-element elementor-element-2e1dc6d5\" data-id=\"2e1dc6d5\" data-element_type=\"column\">\n\t\t\t<div class=\"elementor-widget-wrap elementor-element-populated\">\n\t\t\t\t\t\t\t\t<div class=\"elementor-element elementor-element-54fc7882 elementor-button-info elementor-align-left elementor-widget elementor-widget-button\" data-id=\"54fc7882\" data-element_type=\"widget\" data-widget_type=\"button.default\">\n\t\t\t\t<div class=\"elementor-widget-container\">\n\t\t\t\t\t<div class=\"elementor-button-wrapper\">\n\t\t\t<a class=\"elementor-button elementor-button-link elementor-size-sm\" href=\"https:\/\/www.facebook.com\/CIDUPT\">\n\t\t\t\t\t\t<span class=\"elementor-button-content-wrapper\">\n\t\t\t\t\t\t<span class=\"elementor-button-text\">Mai multe detalii aici:<\/span>\n\t\t<\/span>\n\t\t\t\t\t<\/a>\n\t\t<\/div>\n\t\t\t\t<\/div>\n\t\t\t\t<\/div>\n\t\t\t\t\t<\/div>\n\t\t<\/div>\n\t\t\t\t\t\t\t<\/div>\n\t\t<\/section>\n\t\t\t\t\t\t\t<\/div>","protected":false},"excerpt":{"rendered":"<p>Ce reprezint\u0103 industriile creative \u0219i care este impactul lor \u00een economia global\u0103? Ce reprezint\u0103 competen\u021bele digitale \u0219i ce sunt abilit\u0103\u021bile digitale \u0219i cum se valideaz\u0103 acestea \u00een domeniul industriilor creative? Cum se pot accesa, utiliza \u0219i integra diverse unelte \u0219i aplica\u021bii online, mobile?<span class=\"more-link\"><a href=\"https:\/\/digiculture.eu\/ro\/workshop-digital-skills-and-competences-digital-culture-europeana-and-timisoara-2021\/\">Read More &rarr;<\/a><\/span><\/p>","protected":false},"author":5,"featured_media":2264,"comment_status":"open","ping_status":"open","sticky":false,"template":"","format":"standard","meta":{"_mi_skip_tracking":false,"_monsterinsights_sitenote_active":false,"_monsterinsights_sitenote_note":"","_monsterinsights_sitenote_category":0,"footnotes":"","_wpscppro_dont_share_socialmedia":false,"_wpscppro_custom_social_share_image":0},"categories":[43,42],"tags":[44,81,80,82],"yoast_head":"<!-- This site is optimized with the Yoast SEO plugin v21.5 - https:\/\/yoast.com\/wordpress\/plugins\/seo\/ -->\n<title>Workshop Digital Skills and Competences - Digital Culture, Europeana and Timi\u0219oara 2021 - 4th edition - Digital Culture - Erasmus+ European Project<\/title>\n<meta name=\"robots\" content=\"index, follow, max-snippet:-1, max-image-preview:large, max-video-preview:-1\" \/>\n<link rel=\"canonical\" href=\"https:\/\/digiculture.eu\/ro\/workshop-digital-skills-and-competences-digital-culture-europeana-and-timisoara-2021\/\" \/>\n<meta property=\"og:locale\" content=\"ro_RO\" \/>\n<meta property=\"og:type\" content=\"article\" \/>\n<meta property=\"og:title\" content=\"Workshop Digital Skills and Competences - Digital Culture, Europeana and Timi\u0219oara 2021 - 4th edition - Digital Culture - Erasmus+ European Project\" \/>\n<meta property=\"og:description\" content=\"What do creative industries represent and what is their impact regarding global economy? What are digital skills and how are they validated in the field of creative industries? How can we access, use and integrate various online tools and mobile applications?Read More &rarr;\" \/>\n<meta property=\"og:url\" content=\"https:\/\/digiculture.eu\/ro\/workshop-digital-skills-and-competences-digital-culture-europeana-and-timisoara-2021\/\" \/>\n<meta property=\"og:site_name\" content=\"Digital Culture - Erasmus+ European Project\" \/>\n<meta property=\"article:publisher\" content=\"https:\/\/www.facebook.com\/CultureDigi\" \/>\n<meta property=\"article:published_time\" content=\"2019-12-11T14:49:19+00:00\" \/>\n<meta property=\"article:modified_time\" content=\"2020-02-27T21:33:56+00:00\" \/>\n<meta property=\"og:image\" content=\"https:\/\/digiculture.eu\/wp-content\/uploads\/2019\/12\/Afis-Digital-Skills-01-scaled-1.jpg\" \/>\n\t<meta property=\"og:image:width\" content=\"1821\" \/>\n\t<meta property=\"og:image:height\" content=\"2560\" \/>\n\t<meta property=\"og:image:type\" content=\"image\/jpeg\" \/>\n<meta name=\"author\" content=\"DigiCulture\" \/>\n<meta name=\"twitter:card\" content=\"summary_large_image\" \/>\n<meta name=\"twitter:creator\" content=\"@elearning_upt\" \/>\n<meta name=\"twitter:site\" content=\"@elearning_upt\" \/>\n<meta name=\"twitter:label1\" content=\"Scris de\" \/>\n\t<meta name=\"twitter:data1\" content=\"DigiCulture\" \/>\n\t<meta name=\"twitter:label2\" content=\"Timp estimat pentru citire\" \/>\n\t<meta name=\"twitter:data2\" content=\"2 minute\" \/>\n<script type=\"application\/ld+json\" class=\"yoast-schema-graph\">{\"@context\":\"https:\/\/schema.org\",\"@graph\":[{\"@type\":\"Article\",\"@id\":\"https:\/\/digiculture.eu\/workshop-digital-skills-and-competences-digital-culture-europeana-and-timisoara-2021\/#article\",\"isPartOf\":{\"@id\":\"https:\/\/digiculture.eu\/workshop-digital-skills-and-competences-digital-culture-europeana-and-timisoara-2021\/\"},\"author\":{\"name\":\"DigiCulture\",\"@id\":\"https:\/\/digiculture.eu\/#\/schema\/person\/1d9da190a16f395930c0defc1abc649d\"},\"headline\":\"Workshop Digital Skills and Competences &#8211; Digital Culture, Europeana and Timi\u0219oara 2021 &#8211; 4th edition\",\"datePublished\":\"2019-12-11T14:49:19+00:00\",\"dateModified\":\"2020-02-27T21:33:56+00:00\",\"mainEntityOfPage\":{\"@id\":\"https:\/\/digiculture.eu\/workshop-digital-skills-and-competences-digital-culture-europeana-and-timisoara-2021\/\"},\"wordCount\":427,\"commentCount\":0,\"publisher\":{\"@id\":\"https:\/\/digiculture.eu\/#organization\"},\"keywords\":[\"digital culture\",\"digital skills\",\"Europeana\",\"Timisoara 2021\"],\"articleSection\":[\"Conferences\",\"Latest News\"],\"inLanguage\":\"ro-RO\",\"potentialAction\":[{\"@type\":\"CommentAction\",\"name\":\"Comment\",\"target\":[\"https:\/\/digiculture.eu\/workshop-digital-skills-and-competences-digital-culture-europeana-and-timisoara-2021\/#respond\"]}]},{\"@type\":\"WebPage\",\"@id\":\"https:\/\/digiculture.eu\/workshop-digital-skills-and-competences-digital-culture-europeana-and-timisoara-2021\/\",\"url\":\"https:\/\/digiculture.eu\/workshop-digital-skills-and-competences-digital-culture-europeana-and-timisoara-2021\/\",\"name\":\"Workshop Digital Skills and Competences - Digital Culture, Europeana and Timi\u0219oara 2021 - 4th edition - Digital Culture - Erasmus+ European Project\",\"isPartOf\":{\"@id\":\"https:\/\/digiculture.eu\/#website\"},\"datePublished\":\"2019-12-11T14:49:19+00:00\",\"dateModified\":\"2020-02-27T21:33:56+00:00\",\"breadcrumb\":{\"@id\":\"https:\/\/digiculture.eu\/workshop-digital-skills-and-competences-digital-culture-europeana-and-timisoara-2021\/#breadcrumb\"},\"inLanguage\":\"ro-RO\",\"potentialAction\":[{\"@type\":\"ReadAction\",\"target\":[\"https:\/\/digiculture.eu\/workshop-digital-skills-and-competences-digital-culture-europeana-and-timisoara-2021\/\"]}]},{\"@type\":\"BreadcrumbList\",\"@id\":\"https:\/\/digiculture.eu\/workshop-digital-skills-and-competences-digital-culture-europeana-and-timisoara-2021\/#breadcrumb\",\"itemListElement\":[{\"@type\":\"ListItem\",\"position\":1,\"name\":\"Home\",\"item\":\"https:\/\/digiculture.eu\/\"},{\"@type\":\"ListItem\",\"position\":2,\"name\":\"Workshop Digital Skills and Competences &#8211; Digital Culture, Europeana and Timi\u0219oara 2021 &#8211; 4th edition\"}]},{\"@type\":\"WebSite\",\"@id\":\"https:\/\/digiculture.eu\/#website\",\"url\":\"https:\/\/digiculture.eu\/\",\"name\":\"Digital Culture - Erasmus+ European Project\",\"description\":\"Improving the Digital Competences and Social Inclusion of Adults in Creative Industries\",\"publisher\":{\"@id\":\"https:\/\/digiculture.eu\/#organization\"},\"potentialAction\":[{\"@type\":\"SearchAction\",\"target\":{\"@type\":\"EntryPoint\",\"urlTemplate\":\"https:\/\/digiculture.eu\/?s={search_term_string}\"},\"query-input\":\"required name=search_term_string\"}],\"inLanguage\":\"ro-RO\"},{\"@type\":\"Organization\",\"@id\":\"https:\/\/digiculture.eu\/#organization\",\"name\":\"Digiculture\",\"url\":\"https:\/\/digiculture.eu\/\",\"logo\":{\"@type\":\"ImageObject\",\"inLanguage\":\"ro-RO\",\"@id\":\"https:\/\/digiculture.eu\/#\/schema\/logo\/image\/\",\"url\":\"https:\/\/digiculture.eu\/wp-content\/uploads\/2019\/01\/Logo-Digi-Culture.png\",\"contentUrl\":\"https:\/\/digiculture.eu\/wp-content\/uploads\/2019\/01\/Logo-Digi-Culture.png\",\"width\":934,\"height\":386,\"caption\":\"Digiculture\"},\"image\":{\"@id\":\"https:\/\/digiculture.eu\/#\/schema\/logo\/image\/\"},\"sameAs\":[\"https:\/\/www.facebook.com\/CultureDigi\",\"https:\/\/twitter.com\/elearning_upt\"]},{\"@type\":\"Person\",\"@id\":\"https:\/\/digiculture.eu\/#\/schema\/person\/1d9da190a16f395930c0defc1abc649d\",\"name\":\"DigiCulture\",\"image\":{\"@type\":\"ImageObject\",\"inLanguage\":\"ro-RO\",\"@id\":\"https:\/\/digiculture.eu\/#\/schema\/person\/image\/\",\"url\":\"https:\/\/secure.gravatar.com\/avatar\/437e79a797105729bdb90a0a9148a840?s=96&d=mm&r=g\",\"contentUrl\":\"https:\/\/secure.gravatar.com\/avatar\/437e79a797105729bdb90a0a9148a840?s=96&d=mm&r=g\",\"caption\":\"DigiCulture\"},\"url\":\"https:\/\/digiculture.eu\/ro\/author\/silviuvert\/\"}]}<\/script>\n<!-- \/ Yoast SEO plugin. -->","yoast_head_json":{"title":"Workshop Digital Skills and Competences - Digital Culture, Europeana and Timi\u0219oara 2021 - 4th edition - Digital Culture - Erasmus+ European Project","robots":{"index":"index","follow":"follow","max-snippet":"max-snippet:-1","max-image-preview":"max-image-preview:large","max-video-preview":"max-video-preview:-1"},"canonical":"https:\/\/digiculture.eu\/ro\/workshop-digital-skills-and-competences-digital-culture-europeana-and-timisoara-2021\/","og_locale":"ro_RO","og_type":"article","og_title":"Workshop Digital Skills and Competences - Digital Culture, Europeana and Timi\u0219oara 2021 - 4th edition - Digital Culture - Erasmus+ European Project","og_description":"What do creative industries represent and what is their impact regarding global economy? What are digital skills and how are they validated in the field of creative industries? How can we access, use and integrate various online tools and mobile applications?Read More &rarr;","og_url":"https:\/\/digiculture.eu\/ro\/workshop-digital-skills-and-competences-digital-culture-europeana-and-timisoara-2021\/","og_site_name":"Digital Culture - Erasmus+ European Project","article_publisher":"https:\/\/www.facebook.com\/CultureDigi","article_published_time":"2019-12-11T14:49:19+00:00","article_modified_time":"2020-02-27T21:33:56+00:00","og_image":[{"width":1821,"height":2560,"url":"https:\/\/digiculture.eu\/wp-content\/uploads\/2019\/12\/Afis-Digital-Skills-01-scaled-1.jpg","type":"image\/jpeg"}],"author":"DigiCulture","twitter_card":"summary_large_image","twitter_creator":"@elearning_upt","twitter_site":"@elearning_upt","twitter_misc":{"Scris de":"DigiCulture","Timp estimat pentru citire":"2 minute"},"schema":{"@context":"https:\/\/schema.org","@graph":[{"@type":"Article","@id":"https:\/\/digiculture.eu\/workshop-digital-skills-and-competences-digital-culture-europeana-and-timisoara-2021\/#article","isPartOf":{"@id":"https:\/\/digiculture.eu\/workshop-digital-skills-and-competences-digital-culture-europeana-and-timisoara-2021\/"},"author":{"name":"DigiCulture","@id":"https:\/\/digiculture.eu\/#\/schema\/person\/1d9da190a16f395930c0defc1abc649d"},"headline":"Workshop Digital Skills and Competences &#8211; Digital Culture, Europeana and Timi\u0219oara 2021 &#8211; 4th edition","datePublished":"2019-12-11T14:49:19+00:00","dateModified":"2020-02-27T21:33:56+00:00","mainEntityOfPage":{"@id":"https:\/\/digiculture.eu\/workshop-digital-skills-and-competences-digital-culture-europeana-and-timisoara-2021\/"},"wordCount":427,"commentCount":0,"publisher":{"@id":"https:\/\/digiculture.eu\/#organization"},"keywords":["digital culture","digital skills","Europeana","Timisoara 2021"],"articleSection":["Conferences","Latest News"],"inLanguage":"ro-RO","potentialAction":[{"@type":"CommentAction","name":"Comment","target":["https:\/\/digiculture.eu\/workshop-digital-skills-and-competences-digital-culture-europeana-and-timisoara-2021\/#respond"]}]},{"@type":"WebPage","@id":"https:\/\/digiculture.eu\/workshop-digital-skills-and-competences-digital-culture-europeana-and-timisoara-2021\/","url":"https:\/\/digiculture.eu\/workshop-digital-skills-and-competences-digital-culture-europeana-and-timisoara-2021\/","name":"Workshop Digital Skills and Competences - Digital Culture, Europeana and Timi\u0219oara 2021 - 4th edition - Digital Culture - Erasmus+ European Project","isPartOf":{"@id":"https:\/\/digiculture.eu\/#website"},"datePublished":"2019-12-11T14:49:19+00:00","dateModified":"2020-02-27T21:33:56+00:00","breadcrumb":{"@id":"https:\/\/digiculture.eu\/workshop-digital-skills-and-competences-digital-culture-europeana-and-timisoara-2021\/#breadcrumb"},"inLanguage":"ro-RO","potentialAction":[{"@type":"ReadAction","target":["https:\/\/digiculture.eu\/workshop-digital-skills-and-competences-digital-culture-europeana-and-timisoara-2021\/"]}]},{"@type":"BreadcrumbList","@id":"https:\/\/digiculture.eu\/workshop-digital-skills-and-competences-digital-culture-europeana-and-timisoara-2021\/#breadcrumb","itemListElement":[{"@type":"ListItem","position":1,"name":"Home","item":"https:\/\/digiculture.eu\/"},{"@type":"ListItem","position":2,"name":"Workshop Digital Skills and Competences &#8211; Digital Culture, Europeana and Timi\u0219oara 2021 &#8211; 4th edition"}]},{"@type":"WebSite","@id":"https:\/\/digiculture.eu\/#website","url":"https:\/\/digiculture.eu\/","name":"Digital Culture - Erasmus+ European Project","description":"Improving the Digital Competences and Social Inclusion of Adults in Creative Industries","publisher":{"@id":"https:\/\/digiculture.eu\/#organization"},"potentialAction":[{"@type":"SearchAction","target":{"@type":"EntryPoint","urlTemplate":"https:\/\/digiculture.eu\/?s={search_term_string}"},"query-input":"required name=search_term_string"}],"inLanguage":"ro-RO"},{"@type":"Organization","@id":"https:\/\/digiculture.eu\/#organization","name":"Digiculture","url":"https:\/\/digiculture.eu\/","logo":{"@type":"ImageObject","inLanguage":"ro-RO","@id":"https:\/\/digiculture.eu\/#\/schema\/logo\/image\/","url":"https:\/\/digiculture.eu\/wp-content\/uploads\/2019\/01\/Logo-Digi-Culture.png","contentUrl":"https:\/\/digiculture.eu\/wp-content\/uploads\/2019\/01\/Logo-Digi-Culture.png","width":934,"height":386,"caption":"Digiculture"},"image":{"@id":"https:\/\/digiculture.eu\/#\/schema\/logo\/image\/"},"sameAs":["https:\/\/www.facebook.com\/CultureDigi","https:\/\/twitter.com\/elearning_upt"]},{"@type":"Person","@id":"https:\/\/digiculture.eu\/#\/schema\/person\/1d9da190a16f395930c0defc1abc649d","name":"DigiCulture","image":{"@type":"ImageObject","inLanguage":"ro-RO","@id":"https:\/\/digiculture.eu\/#\/schema\/person\/image\/","url":"https:\/\/secure.gravatar.com\/avatar\/437e79a797105729bdb90a0a9148a840?s=96&d=mm&r=g","contentUrl":"https:\/\/secure.gravatar.com\/avatar\/437e79a797105729bdb90a0a9148a840?s=96&d=mm&r=g","caption":"DigiCulture"},"url":"https:\/\/digiculture.eu\/ro\/author\/silviuvert\/"}]}},"_links":{"self":[{"href":"https:\/\/digiculture.eu\/ro\/wp-json\/wp\/v2\/posts\/2256"}],"collection":[{"href":"https:\/\/digiculture.eu\/ro\/wp-json\/wp\/v2\/posts"}],"about":[{"href":"https:\/\/digiculture.eu\/ro\/wp-json\/wp\/v2\/types\/post"}],"author":[{"embeddable":true,"href":"https:\/\/digiculture.eu\/ro\/wp-json\/wp\/v2\/users\/5"}],"replies":[{"embeddable":true,"href":"https:\/\/digiculture.eu\/ro\/wp-json\/wp\/v2\/comments?post=2256"}],"version-history":[{"count":15,"href":"https:\/\/digiculture.eu\/ro\/wp-json\/wp\/v2\/posts\/2256\/revisions"}],"predecessor-version":[{"id":2283,"href":"https:\/\/digiculture.eu\/ro\/wp-json\/wp\/v2\/posts\/2256\/revisions\/2283"}],"wp:featuredmedia":[{"embeddable":true,"href":"https:\/\/digiculture.eu\/ro\/wp-json\/wp\/v2\/media\/2264"}],"wp:attachment":[{"href":"https:\/\/digiculture.eu\/ro\/wp-json\/wp\/v2\/media?parent=2256"}],"wp:term":[{"taxonomy":"category","embeddable":true,"href":"https:\/\/digiculture.eu\/ro\/wp-json\/wp\/v2\/categories?post=2256"},{"taxonomy":"post_tag","embeddable":true,"href":"https:\/\/digiculture.eu\/ro\/wp-json\/wp\/v2\/tags?post=2256"}],"curies":[{"name":"wp","href":"https:\/\/api.w.org\/{rel}","templated":true}]}}