{"id":3074,"date":"2021-03-01T08:00:00","date_gmt":"2021-03-01T06:00:00","guid":{"rendered":"https:\/\/digiculture.eu\/?p=3074"},"modified":"2021-03-02T16:49:49","modified_gmt":"2021-03-02T14:49:49","slug":"online-educational-courses-on-cultural-topics-helping-the-creative-industries-sector-reinvent-itself-during-a-crisis-eden-nap-webinar","status":"publish","type":"post","link":"https:\/\/digiculture.eu\/lt\/online-educational-courses-on-cultural-topics-helping-the-creative-industries-sector-reinvent-itself-during-a-crisis-eden-nap-webinar\/","title":{"rendered":"Internetiniai edukaciniai kursai kult\u016bros temomis \u2013 pagalba k\u016brybini\u0173 industrij\u0173 sektoriui i\u0161radin\u0117ti save kriz\u0117s metu \u2013 EDEN NAP internetinis seminaras"},"content":{"rendered":"<div data-elementor-type=\"wp-post\" data-elementor-id=\"3074\" class=\"elementor elementor-3074\">\n\t\t\t\t\t\t\t\t\t<section class=\"elementor-section elementor-top-section elementor-element elementor-element-4fc33df elementor-section-boxed elementor-section-height-default elementor-section-height-default\" data-id=\"4fc33df\" data-element_type=\"section\">\n\t\t\t\t\t\t<div class=\"elementor-container elementor-column-gap-default\">\n\t\t\t\t\t<div class=\"elementor-column elementor-col-100 elementor-top-column elementor-element elementor-element-e4df389\" data-id=\"e4df389\" data-element_type=\"column\">\n\t\t\t<div class=\"elementor-widget-wrap elementor-element-populated\">\n\t\t\t\t\t\t\t\t<div class=\"elementor-element elementor-element-76b58b0 elementor-widget elementor-widget-text-editor\" data-id=\"76b58b0\" data-element_type=\"widget\" data-widget_type=\"text-editor.default\">\n\t\t\t\t<div class=\"elementor-widget-container\">\n\t\t\t\t\t\t\t<p><strong><b>Tre\u010diadienis, kovo 3 d., 17:00 CET<\/b> \u2013 \"EDEN NAP\" internetinis seminaras \u2013 <b>internetiniai mokymo kursai kult\u016bros temomis \u2013 pagalba k\u016brybini\u0173 industrij\u0173 sektoriui i\u0161radin\u0117ti save kriz\u0117s metu<\/b>, tarptautinio seminaro \u201eAtviras \u0161vietimas pandemijos laikais\u201c metu.<\/strong>\u00a0\u2013 EDEN NAP internetinis seminaras \u2013 internetiniai mokymo kursai kult\u016bros temomis \u2013 pagalba k\u016brybini\u0173 industrij\u0173 sektoriui i\u0161radin\u0117ti save kriz\u0117s metu, tarptautinio seminaro \u201eAtviras \u0161vietimas pandemijos laikais\u201c metu. <em>Atviras \u0161vietimas pandemijos laikais.<\/em><\/p>\t\t\t\t\t\t<\/div>\n\t\t\t\t<\/div>\n\t\t\t\t<div class=\"elementor-element elementor-element-32c1106 elementor-widget elementor-widget-text-editor\" data-id=\"32c1106\" data-element_type=\"widget\" data-widget_type=\"text-editor.default\">\n\t\t\t\t<div class=\"elementor-widget-container\">\n\t\t\t\t\t\t\t<p><em>\u201eAtviros \u0161vietimo savait\u0117s\u201c internetinis seminaras<\/em><\/p>\t\t\t\t\t\t<\/div>\n\t\t\t\t<\/div>\n\t\t\t\t<div class=\"elementor-element elementor-element-a5c293b elementor-widget elementor-widget-alert\" data-id=\"a5c293b\" data-element_type=\"widget\" data-widget_type=\"alert.default\">\n\t\t\t\t<div class=\"elementor-widget-container\">\n\t\t\t\t\t<div class=\"elementor-alert elementor-alert-info\" role=\"alert\">\n\t\t\t<span class=\"elementor-alert-title\"><center><b>Tre\u010diadienis, kovo 3 d., 17:00 CET<\/b> \u2013 \"EDEN NAP\" internetinis seminaras \u2013 <b>internetiniai mokymo kursai kult\u016bros temomis \u2013 pagalba k\u016brybini\u0173 industrij\u0173 sektoriui i\u0161radin\u0117ti save kriz\u0117s metu<\/b>, tarptautinio seminaro \u201eAtviras \u0161vietimas pandemijos laikais\u201c metu. <\/center><\/span>\n\t\t\t\t\t\t\t<span class=\"elementor-alert-description\"><center> <b>Internetiniai mokymo kursai kult\u016bros temomis \u2013 pagalba k\u016brybini\u0173 industrij\u0173 sektoriui i\u0161radin\u0117ti save kriz\u0117s metu<\/b> <\/center>\n<b>Prane\u0161\u0117jai<\/b>:<br>\n<b>Diana Andone\n<\/b> - EDEN Komunikacijos ir praktikos bendruomeni\u0173 viceprezident\u0117 ir Timi\u0161oaros universiteto (Rumunija) e-mokymosi centro direktor\u0117<br>\n<b>Achilas Kameas<\/b> - paplitusi\u0173 ir pasaulini\u0173 kompiuterini\u0173 sistem\u0173 profesorius \u201eHellenic Open\u201c universitete<br><b>Isabel Crespo<\/b>- europieti\u0161kas \u0161vietimas ir projektavimas hibridini\u0173 erdvi\u0173 su kult\u016bros paveldu<p> <br>\n\n\n\n\n<b>Moderatoriai:<\/b><br>\n<b>Vladas Mihaescu<\/b> - EDEN NAP SC Elektronikos, telekomunikacij\u0173 ir informacini\u0173 technologij\u0173 fakultetas, Politechnikos universitetas Timi\u0161oaroje<br>\n<b>Alfredo Soeiro<\/b> - EDEN vykdomojo komiteto narys ir EUCEN \u2013 Europos universitet\u0173 t\u0119stinio mokymo tinklas\n\n\n\n<\/span>\n\t\t\t\t\t\t\t\t<\/div>\n\t\t\t\t<\/div>\n\t\t\t\t<\/div>\n\t\t\t\t<div class=\"elementor-element elementor-element-4bb599b elementor-button-info elementor-align-center elementor-widget elementor-widget-button\" data-id=\"4bb599b\" data-element_type=\"widget\" data-widget_type=\"button.default\">\n\t\t\t\t<div class=\"elementor-widget-container\">\n\t\t\t\t\t<div class=\"elementor-button-wrapper\">\n\t\t\t<a class=\"elementor-button elementor-button-link elementor-size-sm elementor-animation-pulse-grow\" href=\"https:\/\/docs.google.com\/forms\/d\/e\/1FAIpQLSdMqSfEXeAtPrDF1PE0rKHjn6I_szA2d-cieHA8Jz4n4_B32Q\/viewform\" target=\"_blank\">\n\t\t\t\t\t\t<span class=\"elementor-button-content-wrapper\">\n\t\t\t\t\t\t<span class=\"elementor-button-text\">Registruokit\u0117s \u010cIA<\/span>\n\t\t<\/span>\n\t\t\t\t\t<\/a>\n\t\t<\/div>\n\t\t\t\t<\/div>\n\t\t\t\t<\/div>\n\t\t\t\t<div class=\"elementor-element elementor-element-157b4d7 elementor-widget elementor-widget-text-editor\" data-id=\"157b4d7\" data-element_type=\"widget\" data-widget_type=\"text-editor.default\">\n\t\t\t\t<div class=\"elementor-widget-container\">\n\t\t\t\t\t\t\t<p>\u0160iame internetiniame seminare si\u016bloma pristatyti naujovi\u0161kus MOOC (masiniai atviri internetiniai kursai), sukurtus skaitmeninio kult\u016bros paveldo tema apie pedagogines tendencijas. Tyrimo atvejai parodys, kaip \u0161ie kursai kuriami, siekiant geriau bendrauti su studentais nuotoliniu b\u016bdu sinchroni\u0161kai ir asinchroni\u0161kai.\u00a0<\/p>\t\t\t\t\t\t<\/div>\n\t\t\t\t<\/div>\n\t\t\t\t\t<\/div>\n\t\t<\/div>\n\t\t\t\t\t\t\t<\/div>\n\t\t<\/section>\n\t\t\t\t<section class=\"elementor-section elementor-top-section elementor-element elementor-element-daf2ff7 elementor-section-boxed elementor-section-height-default elementor-section-height-default\" data-id=\"daf2ff7\" data-element_type=\"section\">\n\t\t\t\t\t\t<div class=\"elementor-container elementor-column-gap-default\">\n\t\t\t\t\t<div class=\"elementor-column elementor-col-100 elementor-top-column elementor-element elementor-element-2068291\" data-id=\"2068291\" data-element_type=\"column\">\n\t\t\t<div class=\"elementor-widget-wrap elementor-element-populated\">\n\t\t\t\t\t\t\t\t<div class=\"elementor-element elementor-element-d42d665 elementor-widget elementor-widget-text-editor\" data-id=\"d42d665\" data-element_type=\"widget\" data-widget_type=\"text-editor.default\">\n\t\t\t\t<div class=\"elementor-widget-container\">\n\t\t\t\t\t\t\t<p>Kadangi k\u016brybini\u0173 ir kult\u016brini\u0173 industrij\u0173 \u0161vietime, susijusiame su skaitmenin\u0117mis technologijomis, yra akivaizdi spraga, \u0161ie geros praktikos pavyzd\u017eiai pad\u0117s \u012fvairiems \u017emon\u0117ms \u2013 mokytojams, kurie gal\u0117s rasti k\u016brybi\u0161k\u0173 b\u016bd\u0173 bendrauti su savo studentais, k\u016brybini\u0173 industrij\u0173 dalyviams ir studentams, kurie gal\u0117s rasti nauj\u0173 mokymosi galimybi\u0173.<\/p>\t\t\t\t\t\t<\/div>\n\t\t\t\t<\/div>\n\t\t\t\t\t<\/div>\n\t\t<\/div>\n\t\t\t\t\t\t\t<\/div>\n\t\t<\/section>\n\t\t\t\t<section class=\"elementor-section elementor-top-section elementor-element elementor-element-6d5b0b3 elementor-section-boxed elementor-section-height-default elementor-section-height-default\" data-id=\"6d5b0b3\" data-element_type=\"section\">\n\t\t\t\t\t\t<div class=\"elementor-container elementor-column-gap-default\">\n\t\t\t\t\t<div class=\"elementor-column elementor-col-100 elementor-top-column elementor-element elementor-element-872e507\" data-id=\"872e507\" data-element_type=\"column\">\n\t\t\t<div class=\"elementor-widget-wrap elementor-element-populated\">\n\t\t\t\t\t\t\t\t<div class=\"elementor-element elementor-element-94ceaef elementor-widget elementor-widget-text-editor\" data-id=\"94ceaef\" data-element_type=\"widget\" data-widget_type=\"text-editor.default\">\n\t\t\t\t<div class=\"elementor-widget-container\">\n\t\t\t\t\t\t\t<p>Pra\u0117j\u0119 metai buvo u\u017epildyti karantinais ir apribojimais, kurie labai skaud\u017eiai smog\u0117 k\u016brybini\u0173 industrij\u0173 sektoriui, tod\u0117l tokie kursai, susij\u0119 su skaitmenine kult\u016bra, yra labai naudingi tiems, kuriems vis daugiau ir daugiau reikia i\u0161radin\u0117ti save.<\/p>\t\t\t\t\t\t<\/div>\n\t\t\t\t<\/div>\n\t\t\t\t\t<\/div>\n\t\t<\/div>\n\t\t\t\t\t\t\t<\/div>\n\t\t<\/section>\n\t\t\t\t<section class=\"elementor-section elementor-top-section elementor-element elementor-element-1a48380 elementor-section-boxed elementor-section-height-default elementor-section-height-default\" data-id=\"1a48380\" data-element_type=\"section\">\n\t\t\t\t\t\t<div class=\"elementor-container elementor-column-gap-default\">\n\t\t\t\t\t<div class=\"elementor-column elementor-col-100 elementor-top-column elementor-element elementor-element-7f80c84\" data-id=\"7f80c84\" data-element_type=\"column\">\n\t\t\t<div class=\"elementor-widget-wrap elementor-element-populated\">\n\t\t\t\t\t\t\t\t<div class=\"elementor-element elementor-element-616b680 elementor-align-center elementor-widget elementor-widget-button\" data-id=\"616b680\" data-element_type=\"widget\" data-widget_type=\"button.default\">\n\t\t\t\t<div class=\"elementor-widget-container\">\n\t\t\t\t\t<div class=\"elementor-button-wrapper\">\n\t\t\t<a class=\"elementor-button elementor-button-link elementor-size-sm\" href=\"https:\/\/www.eden-online.org\/eden_conference\/online-education-courses-on-cultural-topics-nap-webinar\/?fbclid=IwAR0CIuLRkKjqNgG0pWgOnh52OczxUyDSfAtu1Lrh5GoeLS7ZgvKITXRHw3Y\" target=\"_blank\">\n\t\t\t\t\t\t<span class=\"elementor-button-content-wrapper\">\n\t\t\t\t\t\t<span class=\"elementor-button-text\">Oficial\u0173 renginio puslap\u012f ir informacij\u0105 apie prane\u0161\u0117jus rasite \u010cIA<\/span>\n\t\t<\/span>\n\t\t\t\t\t<\/a>\n\t\t<\/div>\n\t\t\t\t<\/div>\n\t\t\t\t<\/div>\n\t\t\t\t\t<\/div>\n\t\t<\/div>\n\t\t\t\t\t\t\t<\/div>\n\t\t<\/section>\n\t\t\t\t\t\t\t<\/div>","protected":false},"excerpt":{"rendered":"<p>Laukiame j\u016bs\u0173 tre\u010diadien\u012f, kovo 3 d., 18.00 val. EDEN NAP internetiniame seminare \u2013 <b>Online mokymo kursai kult\u016bros temomis \u2013 pagalba k\u016brybini\u0173 industrij\u0173 sektoriui i\u0161radin\u0117ti save kriz\u0117s metu<\/b>, tarptautinio seminaro \u201eAtviras \u0161vietimas pandemijos laikais\u201c metu.<\/p>\n<p><span class=\"more-link\"><a href=\"https:\/\/digiculture.eu\/lt\/online-educational-courses-on-cultural-topics-helping-the-creative-industries-sector-reinvent-itself-during-a-crisis-eden-nap-webinar\/\">Read More &rarr;<\/a><\/span><\/p>","protected":false},"author":23,"featured_media":3078,"comment_status":"open","ping_status":"open","sticky":false,"template":"","format":"standard","meta":{"_mi_skip_tracking":false,"_monsterinsights_sitenote_active":false,"_monsterinsights_sitenote_note":"","_monsterinsights_sitenote_category":0,"footnotes":"","_wpscppro_dont_share_socialmedia":false,"_wpscppro_custom_social_share_image":0},"categories":[1],"tags":[],"yoast_head":"<!-- This site is optimized with the Yoast SEO plugin v21.5 - https:\/\/yoast.com\/wordpress\/plugins\/seo\/ -->\n<title>Online educational courses on cultural topics \u2013 helping the Creative Industries sector reinvent itself during a crisis - EDEN NAP webinar - Digital Culture - Erasmus+ European Project<\/title>\n<meta name=\"robots\" content=\"index, follow, max-snippet:-1, max-image-preview:large, max-video-preview:-1\" \/>\n<link rel=\"canonical\" href=\"https:\/\/digiculture.eu\/lt\/online-educational-courses-on-cultural-topics-helping-the-creative-industries-sector-reinvent-itself-during-a-crisis-eden-nap-webinar\/\" \/>\n<meta property=\"og:locale\" content=\"lt_LT\" \/>\n<meta property=\"og:type\" content=\"article\" \/>\n<meta property=\"og:title\" content=\"Online educational courses on cultural topics \u2013 helping the Creative Industries sector reinvent itself during a crisis - EDEN NAP webinar - Digital Culture - Erasmus+ European Project\" \/>\n<meta property=\"og:description\" content=\"We expect you on Wednesday, March 3, at 6 pm at the EDEN NAP webinar - \ud835\udc0e\ud835\udc27\ud835\udc25\ud835\udc22\ud835\udc27\ud835\udc1e \ud835\udc1e\ud835\udc1d\ud835\udc2e\ud835\udc1c\ud835\udc1a\ud835\udc2d\ud835\udc22\ud835\udc28\ud835\udc27\ud835\udc1a\ud835\udc25 \ud835\udc1c\ud835\udc28\ud835\udc2e\ud835\udc2b\ud835\udc2c\ud835\udc1e\ud835\udc2c \ud835\udc28\ud835\udc27 \ud835\udc1c\ud835\udc2e\ud835\udc25\ud835\udc2d\ud835\udc2e\ud835\udc2b\ud835\udc1a\ud835\udc25 \ud835\udc2d\ud835\udc28\ud835\udc29\ud835\udc22\ud835\udc1c\ud835\udc2c \u2013 \ud835\udc21\ud835\udc1e\ud835\udc25\ud835\udc29\ud835\udc22\ud835\udc27\ud835\udc20 \ud835\udc2d\ud835\udc21\ud835\udc1e \ud835\udc02\ud835\udc2b\ud835\udc1e\ud835\udc1a\ud835\udc2d\ud835\udc22\ud835\udc2f\ud835\udc1e \ud835\udc08\ud835\udc27\ud835\udc1d\ud835\udc2e\ud835\udc2c\ud835\udc2d\ud835\udc2b\ud835\udc22\ud835\udc1e\ud835\udc2c \ud835\udc2c\ud835\udc1e\ud835\udc1c\ud835\udc2d\ud835\udc28\ud835\udc2b \ud835\udc2b\ud835\udc1e\ud835\udc22\ud835\udc27\ud835\udc2f\ud835\udc1e\ud835\udc27\ud835\udc2d \ud835\udc22\ud835\udc2d\ud835\udc2c\ud835\udc1e\ud835\udc25\ud835\udc1f \ud835\udc1d\ud835\udc2e\ud835\udc2b\ud835\udc22\ud835\udc27\ud835\udc20 \ud835\udc1a \ud835\udc1c\ud835\udc2b\ud835\udc22\ud835\udc2c\ud835\udc22\ud835\udc2c, during the International Workshop Open education in pandemic times event. Read More &rarr;\" \/>\n<meta property=\"og:url\" content=\"https:\/\/digiculture.eu\/lt\/online-educational-courses-on-cultural-topics-helping-the-creative-industries-sector-reinvent-itself-during-a-crisis-eden-nap-webinar\/\" \/>\n<meta property=\"og:site_name\" content=\"Digital Culture - Erasmus+ European Project\" \/>\n<meta property=\"article:publisher\" content=\"https:\/\/www.facebook.com\/CultureDigi\" \/>\n<meta property=\"article:published_time\" content=\"2021-03-01T06:00:00+00:00\" \/>\n<meta property=\"article:modified_time\" content=\"2021-03-02T14:49:49+00:00\" \/>\n<meta property=\"og:image\" content=\"https:\/\/digiculture.eu\/wp-content\/uploads\/2021\/03\/Webinar_Eden-3-martie-2021Artboard-23.png\" \/>\n\t<meta property=\"og:image:width\" content=\"2048\" \/>\n\t<meta property=\"og:image:height\" content=\"2048\" \/>\n\t<meta property=\"og:image:type\" content=\"image\/png\" \/>\n<meta name=\"author\" content=\"Maria Maritescu\" \/>\n<meta name=\"twitter:card\" content=\"summary_large_image\" \/>\n<meta name=\"twitter:creator\" content=\"@elearning_upt\" \/>\n<meta name=\"twitter:site\" content=\"@elearning_upt\" \/>\n<meta name=\"twitter:label1\" content=\"Written by\" \/>\n\t<meta name=\"twitter:data1\" content=\"Maria Maritescu\" \/>\n\t<meta name=\"twitter:label2\" content=\"Est. reading time\" \/>\n\t<meta name=\"twitter:data2\" content=\"1 minut\u0117\" \/>\n<script type=\"application\/ld+json\" class=\"yoast-schema-graph\">{\"@context\":\"https:\/\/schema.org\",\"@graph\":[{\"@type\":\"Article\",\"@id\":\"https:\/\/digiculture.eu\/online-educational-courses-on-cultural-topics-helping-the-creative-industries-sector-reinvent-itself-during-a-crisis-eden-nap-webinar\/#article\",\"isPartOf\":{\"@id\":\"https:\/\/digiculture.eu\/online-educational-courses-on-cultural-topics-helping-the-creative-industries-sector-reinvent-itself-during-a-crisis-eden-nap-webinar\/\"},\"author\":{\"name\":\"Maria Maritescu\",\"@id\":\"https:\/\/digiculture.eu\/#\/schema\/person\/f461720e22941881eb9efdbe415397f1\"},\"headline\":\"Online educational courses on cultural topics \u2013 helping the Creative Industries sector reinvent itself during a crisis &#8211; EDEN NAP webinar\",\"datePublished\":\"2021-03-01T06:00:00+00:00\",\"dateModified\":\"2021-03-02T14:49:49+00:00\",\"mainEntityOfPage\":{\"@id\":\"https:\/\/digiculture.eu\/online-educational-courses-on-cultural-topics-helping-the-creative-industries-sector-reinvent-itself-during-a-crisis-eden-nap-webinar\/\"},\"wordCount\":272,\"commentCount\":0,\"publisher\":{\"@id\":\"https:\/\/digiculture.eu\/#organization\"},\"articleSection\":[\"Presentations\"],\"inLanguage\":\"lt-LT\",\"potentialAction\":[{\"@type\":\"CommentAction\",\"name\":\"Comment\",\"target\":[\"https:\/\/digiculture.eu\/online-educational-courses-on-cultural-topics-helping-the-creative-industries-sector-reinvent-itself-during-a-crisis-eden-nap-webinar\/#respond\"]}]},{\"@type\":\"WebPage\",\"@id\":\"https:\/\/digiculture.eu\/online-educational-courses-on-cultural-topics-helping-the-creative-industries-sector-reinvent-itself-during-a-crisis-eden-nap-webinar\/\",\"url\":\"https:\/\/digiculture.eu\/online-educational-courses-on-cultural-topics-helping-the-creative-industries-sector-reinvent-itself-during-a-crisis-eden-nap-webinar\/\",\"name\":\"Online educational courses on cultural topics \u2013 helping the Creative Industries sector reinvent itself during a crisis - EDEN NAP webinar - Digital Culture - Erasmus+ European Project\",\"isPartOf\":{\"@id\":\"https:\/\/digiculture.eu\/#website\"},\"datePublished\":\"2021-03-01T06:00:00+00:00\",\"dateModified\":\"2021-03-02T14:49:49+00:00\",\"breadcrumb\":{\"@id\":\"https:\/\/digiculture.eu\/online-educational-courses-on-cultural-topics-helping-the-creative-industries-sector-reinvent-itself-during-a-crisis-eden-nap-webinar\/#breadcrumb\"},\"inLanguage\":\"lt-LT\",\"potentialAction\":[{\"@type\":\"ReadAction\",\"target\":[\"https:\/\/digiculture.eu\/online-educational-courses-on-cultural-topics-helping-the-creative-industries-sector-reinvent-itself-during-a-crisis-eden-nap-webinar\/\"]}]},{\"@type\":\"BreadcrumbList\",\"@id\":\"https:\/\/digiculture.eu\/online-educational-courses-on-cultural-topics-helping-the-creative-industries-sector-reinvent-itself-during-a-crisis-eden-nap-webinar\/#breadcrumb\",\"itemListElement\":[{\"@type\":\"ListItem\",\"position\":1,\"name\":\"Home\",\"item\":\"https:\/\/digiculture.eu\/\"},{\"@type\":\"ListItem\",\"position\":2,\"name\":\"Online educational courses on cultural topics \u2013 helping the Creative Industries sector reinvent itself during a crisis &#8211; EDEN NAP webinar\"}]},{\"@type\":\"WebSite\",\"@id\":\"https:\/\/digiculture.eu\/#website\",\"url\":\"https:\/\/digiculture.eu\/\",\"name\":\"Digital Culture - Erasmus+ European Project\",\"description\":\"Improving the Digital Competences and Social Inclusion of Adults in Creative Industries\",\"publisher\":{\"@id\":\"https:\/\/digiculture.eu\/#organization\"},\"potentialAction\":[{\"@type\":\"SearchAction\",\"target\":{\"@type\":\"EntryPoint\",\"urlTemplate\":\"https:\/\/digiculture.eu\/?s={search_term_string}\"},\"query-input\":\"required name=search_term_string\"}],\"inLanguage\":\"lt-LT\"},{\"@type\":\"Organization\",\"@id\":\"https:\/\/digiculture.eu\/#organization\",\"name\":\"Digiculture\",\"url\":\"https:\/\/digiculture.eu\/\",\"logo\":{\"@type\":\"ImageObject\",\"inLanguage\":\"lt-LT\",\"@id\":\"https:\/\/digiculture.eu\/#\/schema\/logo\/image\/\",\"url\":\"https:\/\/digiculture.eu\/wp-content\/uploads\/2019\/01\/Logo-Digi-Culture.png\",\"contentUrl\":\"https:\/\/digiculture.eu\/wp-content\/uploads\/2019\/01\/Logo-Digi-Culture.png\",\"width\":934,\"height\":386,\"caption\":\"Digiculture\"},\"image\":{\"@id\":\"https:\/\/digiculture.eu\/#\/schema\/logo\/image\/\"},\"sameAs\":[\"https:\/\/www.facebook.com\/CultureDigi\",\"https:\/\/twitter.com\/elearning_upt\"]},{\"@type\":\"Person\",\"@id\":\"https:\/\/digiculture.eu\/#\/schema\/person\/f461720e22941881eb9efdbe415397f1\",\"name\":\"Maria Maritescu\",\"image\":{\"@type\":\"ImageObject\",\"inLanguage\":\"lt-LT\",\"@id\":\"https:\/\/digiculture.eu\/#\/schema\/person\/image\/\",\"url\":\"https:\/\/secure.gravatar.com\/avatar\/a1965cf7854dfad3563dda952778009d?s=96&d=mm&r=g\",\"contentUrl\":\"https:\/\/secure.gravatar.com\/avatar\/a1965cf7854dfad3563dda952778009d?s=96&d=mm&r=g\",\"caption\":\"Maria Maritescu\"},\"url\":\"https:\/\/digiculture.eu\/lt\/author\/mariamaritescu\/\"}]}<\/script>\n<!-- \/ Yoast SEO plugin. -->","yoast_head_json":{"title":"Online educational courses on cultural topics \u2013 helping the Creative Industries sector reinvent itself during a crisis - EDEN NAP webinar - Digital Culture - Erasmus+ European Project","robots":{"index":"index","follow":"follow","max-snippet":"max-snippet:-1","max-image-preview":"max-image-preview:large","max-video-preview":"max-video-preview:-1"},"canonical":"https:\/\/digiculture.eu\/lt\/online-educational-courses-on-cultural-topics-helping-the-creative-industries-sector-reinvent-itself-during-a-crisis-eden-nap-webinar\/","og_locale":"lt_LT","og_type":"article","og_title":"Online educational courses on cultural topics \u2013 helping the Creative Industries sector reinvent itself during a crisis - EDEN NAP webinar - Digital Culture - Erasmus+ European Project","og_description":"We expect you on Wednesday, March 3, at 6 pm at the EDEN NAP webinar - \ud835\udc0e\ud835\udc27\ud835\udc25\ud835\udc22\ud835\udc27\ud835\udc1e \ud835\udc1e\ud835\udc1d\ud835\udc2e\ud835\udc1c\ud835\udc1a\ud835\udc2d\ud835\udc22\ud835\udc28\ud835\udc27\ud835\udc1a\ud835\udc25 \ud835\udc1c\ud835\udc28\ud835\udc2e\ud835\udc2b\ud835\udc2c\ud835\udc1e\ud835\udc2c \ud835\udc28\ud835\udc27 \ud835\udc1c\ud835\udc2e\ud835\udc25\ud835\udc2d\ud835\udc2e\ud835\udc2b\ud835\udc1a\ud835\udc25 \ud835\udc2d\ud835\udc28\ud835\udc29\ud835\udc22\ud835\udc1c\ud835\udc2c \u2013 \ud835\udc21\ud835\udc1e\ud835\udc25\ud835\udc29\ud835\udc22\ud835\udc27\ud835\udc20 \ud835\udc2d\ud835\udc21\ud835\udc1e \ud835\udc02\ud835\udc2b\ud835\udc1e\ud835\udc1a\ud835\udc2d\ud835\udc22\ud835\udc2f\ud835\udc1e \ud835\udc08\ud835\udc27\ud835\udc1d\ud835\udc2e\ud835\udc2c\ud835\udc2d\ud835\udc2b\ud835\udc22\ud835\udc1e\ud835\udc2c \ud835\udc2c\ud835\udc1e\ud835\udc1c\ud835\udc2d\ud835\udc28\ud835\udc2b \ud835\udc2b\ud835\udc1e\ud835\udc22\ud835\udc27\ud835\udc2f\ud835\udc1e\ud835\udc27\ud835\udc2d \ud835\udc22\ud835\udc2d\ud835\udc2c\ud835\udc1e\ud835\udc25\ud835\udc1f \ud835\udc1d\ud835\udc2e\ud835\udc2b\ud835\udc22\ud835\udc27\ud835\udc20 \ud835\udc1a \ud835\udc1c\ud835\udc2b\ud835\udc22\ud835\udc2c\ud835\udc22\ud835\udc2c, during the International Workshop Open education in pandemic times event. Read More &rarr;","og_url":"https:\/\/digiculture.eu\/lt\/online-educational-courses-on-cultural-topics-helping-the-creative-industries-sector-reinvent-itself-during-a-crisis-eden-nap-webinar\/","og_site_name":"Digital Culture - Erasmus+ European Project","article_publisher":"https:\/\/www.facebook.com\/CultureDigi","article_published_time":"2021-03-01T06:00:00+00:00","article_modified_time":"2021-03-02T14:49:49+00:00","og_image":[{"width":2048,"height":2048,"url":"https:\/\/digiculture.eu\/wp-content\/uploads\/2021\/03\/Webinar_Eden-3-martie-2021Artboard-23.png","type":"image\/png"}],"author":"Maria Maritescu","twitter_card":"summary_large_image","twitter_creator":"@elearning_upt","twitter_site":"@elearning_upt","twitter_misc":{"Written by":"Maria Maritescu","Est. reading time":"1 minut\u0117"},"schema":{"@context":"https:\/\/schema.org","@graph":[{"@type":"Article","@id":"https:\/\/digiculture.eu\/online-educational-courses-on-cultural-topics-helping-the-creative-industries-sector-reinvent-itself-during-a-crisis-eden-nap-webinar\/#article","isPartOf":{"@id":"https:\/\/digiculture.eu\/online-educational-courses-on-cultural-topics-helping-the-creative-industries-sector-reinvent-itself-during-a-crisis-eden-nap-webinar\/"},"author":{"name":"Maria Maritescu","@id":"https:\/\/digiculture.eu\/#\/schema\/person\/f461720e22941881eb9efdbe415397f1"},"headline":"Online educational courses on cultural topics \u2013 helping the Creative Industries sector reinvent itself during a crisis &#8211; EDEN NAP webinar","datePublished":"2021-03-01T06:00:00+00:00","dateModified":"2021-03-02T14:49:49+00:00","mainEntityOfPage":{"@id":"https:\/\/digiculture.eu\/online-educational-courses-on-cultural-topics-helping-the-creative-industries-sector-reinvent-itself-during-a-crisis-eden-nap-webinar\/"},"wordCount":272,"commentCount":0,"publisher":{"@id":"https:\/\/digiculture.eu\/#organization"},"articleSection":["Presentations"],"inLanguage":"lt-LT","potentialAction":[{"@type":"CommentAction","name":"Comment","target":["https:\/\/digiculture.eu\/online-educational-courses-on-cultural-topics-helping-the-creative-industries-sector-reinvent-itself-during-a-crisis-eden-nap-webinar\/#respond"]}]},{"@type":"WebPage","@id":"https:\/\/digiculture.eu\/online-educational-courses-on-cultural-topics-helping-the-creative-industries-sector-reinvent-itself-during-a-crisis-eden-nap-webinar\/","url":"https:\/\/digiculture.eu\/online-educational-courses-on-cultural-topics-helping-the-creative-industries-sector-reinvent-itself-during-a-crisis-eden-nap-webinar\/","name":"Online educational courses on cultural topics \u2013 helping the Creative Industries sector reinvent itself during a crisis - EDEN NAP webinar - Digital Culture - Erasmus+ European Project","isPartOf":{"@id":"https:\/\/digiculture.eu\/#website"},"datePublished":"2021-03-01T06:00:00+00:00","dateModified":"2021-03-02T14:49:49+00:00","breadcrumb":{"@id":"https:\/\/digiculture.eu\/online-educational-courses-on-cultural-topics-helping-the-creative-industries-sector-reinvent-itself-during-a-crisis-eden-nap-webinar\/#breadcrumb"},"inLanguage":"lt-LT","potentialAction":[{"@type":"ReadAction","target":["https:\/\/digiculture.eu\/online-educational-courses-on-cultural-topics-helping-the-creative-industries-sector-reinvent-itself-during-a-crisis-eden-nap-webinar\/"]}]},{"@type":"BreadcrumbList","@id":"https:\/\/digiculture.eu\/online-educational-courses-on-cultural-topics-helping-the-creative-industries-sector-reinvent-itself-during-a-crisis-eden-nap-webinar\/#breadcrumb","itemListElement":[{"@type":"ListItem","position":1,"name":"Home","item":"https:\/\/digiculture.eu\/"},{"@type":"ListItem","position":2,"name":"Online educational courses on cultural topics \u2013 helping the Creative Industries sector reinvent itself during a crisis &#8211; EDEN NAP webinar"}]},{"@type":"WebSite","@id":"https:\/\/digiculture.eu\/#website","url":"https:\/\/digiculture.eu\/","name":"Digital Culture - Erasmus+ European Project","description":"Improving the Digital Competences and Social Inclusion of Adults in Creative Industries","publisher":{"@id":"https:\/\/digiculture.eu\/#organization"},"potentialAction":[{"@type":"SearchAction","target":{"@type":"EntryPoint","urlTemplate":"https:\/\/digiculture.eu\/?s={search_term_string}"},"query-input":"required name=search_term_string"}],"inLanguage":"lt-LT"},{"@type":"Organization","@id":"https:\/\/digiculture.eu\/#organization","name":"Digiculture","url":"https:\/\/digiculture.eu\/","logo":{"@type":"ImageObject","inLanguage":"lt-LT","@id":"https:\/\/digiculture.eu\/#\/schema\/logo\/image\/","url":"https:\/\/digiculture.eu\/wp-content\/uploads\/2019\/01\/Logo-Digi-Culture.png","contentUrl":"https:\/\/digiculture.eu\/wp-content\/uploads\/2019\/01\/Logo-Digi-Culture.png","width":934,"height":386,"caption":"Digiculture"},"image":{"@id":"https:\/\/digiculture.eu\/#\/schema\/logo\/image\/"},"sameAs":["https:\/\/www.facebook.com\/CultureDigi","https:\/\/twitter.com\/elearning_upt"]},{"@type":"Person","@id":"https:\/\/digiculture.eu\/#\/schema\/person\/f461720e22941881eb9efdbe415397f1","name":"Maria Maritescu","image":{"@type":"ImageObject","inLanguage":"lt-LT","@id":"https:\/\/digiculture.eu\/#\/schema\/person\/image\/","url":"https:\/\/secure.gravatar.com\/avatar\/a1965cf7854dfad3563dda952778009d?s=96&d=mm&r=g","contentUrl":"https:\/\/secure.gravatar.com\/avatar\/a1965cf7854dfad3563dda952778009d?s=96&d=mm&r=g","caption":"Maria Maritescu"},"url":"https:\/\/digiculture.eu\/lt\/author\/mariamaritescu\/"}]}},"_links":{"self":[{"href":"https:\/\/digiculture.eu\/lt\/wp-json\/wp\/v2\/posts\/3074"}],"collection":[{"href":"https:\/\/digiculture.eu\/lt\/wp-json\/wp\/v2\/posts"}],"about":[{"href":"https:\/\/digiculture.eu\/lt\/wp-json\/wp\/v2\/types\/post"}],"author":[{"embeddable":true,"href":"https:\/\/digiculture.eu\/lt\/wp-json\/wp\/v2\/users\/23"}],"replies":[{"embeddable":true,"href":"https:\/\/digiculture.eu\/lt\/wp-json\/wp\/v2\/comments?post=3074"}],"version-history":[{"count":24,"href":"https:\/\/digiculture.eu\/lt\/wp-json\/wp\/v2\/posts\/3074\/revisions"}],"predecessor-version":[{"id":3100,"href":"https:\/\/digiculture.eu\/lt\/wp-json\/wp\/v2\/posts\/3074\/revisions\/3100"}],"wp:featuredmedia":[{"embeddable":true,"href":"https:\/\/digiculture.eu\/lt\/wp-json\/wp\/v2\/media\/3078"}],"wp:attachment":[{"href":"https:\/\/digiculture.eu\/lt\/wp-json\/wp\/v2\/media?parent=3074"}],"wp:term":[{"taxonomy":"category","embeddable":true,"href":"https:\/\/digiculture.eu\/lt\/wp-json\/wp\/v2\/categories?post=3074"},{"taxonomy":"post_tag","embeddable":true,"href":"https:\/\/digiculture.eu\/lt\/wp-json\/wp\/v2\/tags?post=3074"}],"curies":[{"name":"wp","href":"https:\/\/api.w.org\/{rel}","templated":true}]}}