{"id":2318,"date":"2019-12-06T23:39:13","date_gmt":"2019-12-06T21:39:13","guid":{"rendered":"https:\/\/digiculture.eu\/?p=2318"},"modified":"2020-12-08T10:14:56","modified_gmt":"2020-12-08T08:14:56","slug":"digiculture-3rd-project-meeting-in-graz","status":"publish","type":"post","link":"https:\/\/digiculture.eu\/lt\/digiculture-3rd-project-meeting-in-graz\/","title":{"rendered":"3-asis \u201eDigiCulture\u201c projekto partneri\u0173 susitikimas Grace"},"content":{"rendered":"<p>Tre\u010diasis tarptautinio projekto susitikimas \u012fvyko Graco mieste, kur\u012f 2019 m. lapkri\u010dio 14-15 d., Graco universitetas organizavo Austrijos skaitmenini\u0173 humanitarini\u0173 moksl\u0173 centre.<\/p>\n\n\n\n<p>Susitikimo tikslas buvo aptarti naujus PMI klausimus, patobulint\u0105 tarpin\u0119 ataskait\u0105, patobulint\u0105 komunikacijos plan\u0105, prane\u0161imo klausimus, u\u017eduotis ir gaires, ataskaitas apie partneri\u0173 veikl\u0105, ataskaitas apie IO, vertinim\u0105 su kult\u016bros srities suinteresuotaisiais subjektais ir su susijusiais partneriais, pasikartojan\u010dius renginius ir sklaidos plan\u0105, O1.2 ir O1.3, O2.2 ir O2.3 planavimas ir ataskait\u0173 teikimas, O3.1, O3.2 ir O3.3, O4.1 ir O4.2, O5.1 ir O5.2, O6.1, O6.2 ir O6.3.<\/p>\n\n\n\n<p>Darbotvark\u0117 buvo labai i\u0161sami ir j\u0105 sudar\u0117 keli punktai. Asociacija \u201eTimisoara 2021 Europos kult\u016bros sostin\u0117\u201c buvo pristatyta partneriams, sveikinantiems \u201eInterart Triade\u201c fond\u0105. <\/p>\n\n\n\n<p>Tada kiekvienas partneris pristato savo veikl\u0105 ir pa\u017eang\u0105 nuo pra\u0117jusio susitikimo. \u201eUniRoma3\u201c pristato savo darbo rezultatus, susijusius su 1 rezultatu \u201eSkaitmenini\u0173 kult\u016bros kompetencij\u0173 gair\u0117s\u201c ir skelbia, kad kiekvienas kursas tur\u0117s \u012frankius ir kompetencijas, kuri\u0173 reikia \u012fmon\u0117ms \/ darbuotojams. UPT pristat\u0117 2 rezultat\u0105, integruot\u0105 virtuali\u0105 mokymosi aplink\u0105 - internetin\u0119 ir mobili\u0105j\u0105 MOOC platform\u0105. Partneriai atranda platform\u0105 ir aptariamos \u012fvairios priemon\u0117s. DCU pristato 3 rezultat\u0105 \u201eSkaitmeniniai kult\u016bros \u012fg\u016bd\u017ei\u0173 internetiniai kursai\u201c (DSC) su kit\u0173 MOOC platform\u0173, susijusi\u0173 su kurso strukt\u016bra, pavyzd\u017eiais. Partneriai aptaria gaires, mokymo program\u0173 ir turinio atnaujinim\u0105 bei bandom\u0105sias programas. AAU pristato 4 rezultat\u0105 \u201eSkaitmenini\u0173 \u012fg\u016bd\u017ei\u0173 e-vertinimas ir atviri skaitmeniniai \u017eenkleliai suaugusi\u0173j\u0173 \u0161vietimui\u201c su diskusijomis apie \u017eenklelio id\u0117j\u0105 ir diskusijomis apie sertifikuoto \u017eenklelio sudarym\u0105 i\u0161 \u017eaidim\u0173 \u017eenkleli\u0173. Susijusi su 6 rezultatu \u201eSkaitmenini\u0173 kult\u016bros kurs\u0173 \u012fg\u016bd\u017ei\u0173 efektyvumo vertinimas, kokyb\u0117s u\u017etikrinimas ir tvarumas\u201c, JMEA pateikia vertinimo ataskait\u0105, pagal kuri\u0105 rezultatai da\u017eniausiai yra teigiami. Taip pat aptariami finansiniai ir vadybiniai aspektai, taip pat informacija, susijusi su sklaida, publikacijomis ir b\u016bsimais \u012fvykiais bei planavimu. <\/p>\n\n\n\n<p>Dalyviai m\u0117gavosi vietini\u0173 austr\u0173 \u0161eiminink\u0173 svetingumu ir vakare sugeb\u0117jo i\u0161bandyti vietin\u0119 virtuv\u0119 gra\u017eiame Graco centre.<\/p>\n\n\n\n<figure class=\"wp-block-embed-twitter wp-block-embed is-type-rich is-provider-twitter\"><div class=\"wp-block-embed__wrapper\">\n<blockquote class=\"twitter-tweet\" data-width=\"550\" data-dnt=\"true\"><p lang=\"en\" dir=\"ltr\"><a href=\"https:\/\/twitter.com\/MedioCarlo?ref_src=twsrc%5Etfw\">@MedioCarlo<\/a> pateikiami kai kurie O1 rezultatai <a href=\"https:\/\/twitter.com\/CultureDigi?ref_src=twsrc%5Etfw\">@CultureDigi<\/a> projektas adresu <a href=\"https:\/\/twitter.com\/UniGraz?ref_src=twsrc%5Etfw\">@UniGraz<\/a> susitikti <a href=\"https:\/\/t.co\/8F7GkUIcxb\">pic.twitter.com\/8F7GkUIcxb<\/a><\/p>- Francesco Agrusti (@fragrusti) <a href=\"https:\/\/twitter.com\/fragrusti\/status\/1194912941604298753?ref_src=twsrc%5Etfw\">2019 m. Lapkri\u010dio 14 d<\/a><\/blockquote><script async src=\"https:\/\/platform.twitter.com\/widgets.js\" charset=\"utf-8\"><\/script>\n<\/div><\/figure>\n\n\n\n<figure class=\"wp-block-embed-twitter wp-block-embed is-type-rich is-provider-twitter\"><div class=\"wp-block-embed__wrapper\">\n<blockquote class=\"twitter-tweet\" data-width=\"550\" data-dnt=\"true\"><p lang=\"en\" dir=\"ltr\">2 produkcijos pristatymas <a href=\"https:\/\/twitter.com\/CultureDigi?ref_src=twsrc%5Etfw\">@CultureDigi<\/a> projektas, darbas <a href=\"https:\/\/twitter.com\/elearning_upt?ref_src=twsrc%5Etfw\">@elearning_upt<\/a> <a href=\"https:\/\/twitter.com\/diando70?ref_src=twsrc%5Etfw\">@diando70<\/a> <a href=\"https:\/\/twitter.com\/terax2002?ref_src=twsrc%5Etfw\">@terax2002<\/a> <a href=\"https:\/\/twitter.com\/silviuvert?ref_src=twsrc%5Etfw\">@silviuvert<\/a> <a href=\"https:\/\/t.co\/ZILVahNQ2L\">pic.twitter.com\/ZILVahNQ2L<\/a><\/p>- Vladas Mihaescu (@mihaescuvlad) <a href=\"https:\/\/twitter.com\/mihaescuvlad\/status\/1194926454007566338?ref_src=twsrc%5Etfw\">2019 m. Lapkri\u010dio 14 d<\/a><\/blockquote><script async src=\"https:\/\/platform.twitter.com\/widgets.js\" charset=\"utf-8\"><\/script>\n<\/div><\/figure>\n\n\n\n<figure class=\"wp-block-embed-twitter wp-block-embed is-type-rich is-provider-twitter\"><div class=\"wp-block-embed__wrapper\">\n<blockquote class=\"twitter-tweet\" data-width=\"550\" data-dnt=\"true\"><p lang=\"en\" dir=\"ltr\">Pristatymas apie \u201eOutput3 in\u201c <a href=\"https:\/\/twitter.com\/CultureDigi?ref_src=twsrc%5Etfw\">@CultureDigi<\/a> projekto susitikimas Grace apie kurs\u0173 strukt\u016br\u0105 ir sistem\u0105, kuri\u0105 atliko DCU komanda <a href=\"https:\/\/twitter.com\/mbrownz?ref_src=twsrc%5Etfw\">@mbrownz<\/a> <a href=\"https:\/\/twitter.com\/elaine_beirne?ref_src=twsrc%5Etfw\">@elaine_beirne<\/a> <a href=\"https:\/\/twitter.com\/1MNGM?ref_src=twsrc%5Etfw\">@1MNGM<\/a> <a href=\"https:\/\/t.co\/S4OdeA80i8\">pic.twitter.com\/S4OdeA80i8<\/a><\/p>- Vladas Mihaescu (@mihaescuvlad) <a href=\"https:\/\/twitter.com\/mihaescuvlad\/status\/1194943072695705600?ref_src=twsrc%5Etfw\">2019 m. Lapkri\u010dio 14 d<\/a><\/blockquote><script async src=\"https:\/\/platform.twitter.com\/widgets.js\" charset=\"utf-8\"><\/script>\n<\/div><\/figure>\n\n\n\n<figure class=\"wp-block-embed-twitter wp-block-embed is-type-rich is-provider-twitter\"><div class=\"wp-block-embed__wrapper\">\n<blockquote class=\"twitter-tweet\" data-width=\"550\" data-dnt=\"true\"><p lang=\"en\" dir=\"ltr\">Tai &amp; #39; apvyniojama! <a href=\"https:\/\/twitter.com\/CultureDigi?ref_src=twsrc%5Etfw\">@CultureDigi<\/a> projekto susitikimas Grace baigiasi. A\u010di\u016b visiems partneriams u\u017e aktyv\u0173 dalyvavim\u0105. <a href=\"https:\/\/twitter.com\/diando70?ref_src=twsrc%5Etfw\">@diando70<\/a> <a href=\"https:\/\/twitter.com\/dfte?ref_src=twsrc%5Etfw\">@dfte<\/a> <a href=\"https:\/\/twitter.com\/mbrownz?ref_src=twsrc%5Etfw\">@mbrownz<\/a> <a href=\"https:\/\/twitter.com\/elaine_beirne?ref_src=twsrc%5Etfw\">@elaine_beirne<\/a> <a href=\"https:\/\/twitter.com\/fragrusti?ref_src=twsrc%5Etfw\">@fragrusti<\/a> <a href=\"https:\/\/twitter.com\/MedioCarlo?ref_src=twsrc%5Etfw\">@MedioCarlo<\/a> <a href=\"https:\/\/twitter.com\/DorflerFranz?ref_src=twsrc%5Etfw\">@DorflerFranz<\/a> <a href=\"https:\/\/twitter.com\/kia_z?ref_src=twsrc%5Etfw\">@kia_z<\/a> <a href=\"https:\/\/twitter.com\/wscholger?ref_src=twsrc%5Etfw\">@moksleivis<\/a> <a href=\"https:\/\/t.co\/lmAN2bIS1k\">pic.twitter.com\/lmAN2bIS1k<\/a><\/p>- Vladas Mihaescu (@mihaescuvlad) <a href=\"https:\/\/twitter.com\/mihaescuvlad\/status\/1195298790103814144?ref_src=twsrc%5Etfw\">2019 m. Lapkri\u010dio 15 d<\/a><\/blockquote><script async src=\"https:\/\/platform.twitter.com\/widgets.js\" charset=\"utf-8\"><\/script>\n<\/div><\/figure>\n\n\n\n<figure class=\"wp-block-embed-twitter wp-block-embed is-type-rich is-provider-twitter\"><div class=\"wp-block-embed__wrapper\">\n<blockquote class=\"twitter-tweet\" data-width=\"550\" data-dnt=\"true\"><p lang=\"en\" dir=\"ltr\">Po intensyvaus susitikimo <a href=\"https:\/\/twitter.com\/CultureDigi?ref_src=twsrc%5Etfw\">@CultureDigi<\/a> projektas, pelnyta vakarien\u0117! <a href=\"https:\/\/twitter.com\/diando70?ref_src=twsrc%5Etfw\">@diando70<\/a> <a href=\"https:\/\/twitter.com\/fragrusti?ref_src=twsrc%5Etfw\">@fragrusti<\/a> <a href=\"https:\/\/twitter.com\/MedioCarlo?ref_src=twsrc%5Etfw\">@MedioCarlo<\/a> <a href=\"https:\/\/twitter.com\/wscholger?ref_src=twsrc%5Etfw\">@moksleivis<\/a> <a href=\"https:\/\/twitter.com\/kia_z?ref_src=twsrc%5Etfw\">@kia_z<\/a> <a href=\"https:\/\/twitter.com\/dfte?ref_src=twsrc%5Etfw\">@dfte<\/a> <a href=\"https:\/\/twitter.com\/elaine_beirne?ref_src=twsrc%5Etfw\">@elaine_beirne<\/a> <a href=\"https:\/\/t.co\/K88dhCliGX\">pic.twitter.com\/K88dhCliGX<\/a><\/p>- Vladas Mihaescu (@mihaescuvlad) <a href=\"https:\/\/twitter.com\/mihaescuvlad\/status\/1195060170545606662?ref_src=twsrc%5Etfw\">2019 m. Lapkri\u010dio 14 d<\/a><\/blockquote><script async src=\"https:\/\/platform.twitter.com\/widgets.js\" charset=\"utf-8\"><\/script>\n<\/div><\/figure>","protected":false},"excerpt":{"rendered":"<p>Tre\u010diasis tarptautinio projekto susitikimas \u012fvyko Graco mieste, kur\u012f 2019 m. lapkri\u010dio 14-15 d., Graco universitetas organizavo Austrijos skaitmenini\u0173 humanitarini\u0173 moksl\u0173 centre. Susitikimo tikslai buvo aptarti naujus PMI klausimus, patobulint\u0105 tarpin\u0119 ataskait\u0105, patobulint\u0105 komunikacijos plan\u0105, prane\u0161imo klausimus, u\u017eduotis ir gaires, ataskaitas apie partneri\u0173 veikl\u0105,<span class=\"more-link\"><a href=\"https:\/\/digiculture.eu\/lt\/digiculture-3rd-project-meeting-in-graz\/\">Read More &rarr;<\/a><\/span><\/p>","protected":false},"author":5,"featured_media":2314,"comment_status":"open","ping_status":"open","sticky":false,"template":"","format":"standard","meta":{"_mi_skip_tracking":false,"_monsterinsights_sitenote_active":false,"_monsterinsights_sitenote_note":"","_monsterinsights_sitenote_category":0,"footnotes":"","_wpscppro_dont_share_socialmedia":false,"_wpscppro_custom_social_share_image":0},"categories":[42,40],"tags":[92,95,91,94,96,90,97,98],"yoast_head":"<!-- This site is optimized with the Yoast SEO plugin v21.5 - https:\/\/yoast.com\/wordpress\/plugins\/seo\/ -->\n<title>DigiCulture 3rd project meeting in Graz - Digital Culture - Erasmus+ European Project<\/title>\n<meta name=\"robots\" content=\"index, follow, max-snippet:-1, max-image-preview:large, max-video-preview:-1\" \/>\n<link rel=\"canonical\" href=\"https:\/\/digiculture.eu\/lt\/digiculture-3rd-project-meeting-in-graz\/\" \/>\n<meta property=\"og:locale\" content=\"lt_LT\" \/>\n<meta property=\"og:type\" content=\"article\" \/>\n<meta property=\"og:title\" content=\"DigiCulture 3rd project meeting in Graz - Digital Culture - Erasmus+ European Project\" \/>\n<meta property=\"og:description\" content=\"The third transnational project meeting took place in Graz, organized by the University of Graz, on November, 14-15 2019, at the Austrian Centre for Digital Humanities. The objectives of the meeting were to discuss new PMI issues, interim report, communication plan enhanced, reporting issues, tasks and milestones, reports on partnerRead More &rarr;\" \/>\n<meta property=\"og:url\" content=\"https:\/\/digiculture.eu\/lt\/digiculture-3rd-project-meeting-in-graz\/\" \/>\n<meta property=\"og:site_name\" content=\"Digital Culture - Erasmus+ European Project\" \/>\n<meta property=\"article:publisher\" content=\"https:\/\/www.facebook.com\/CultureDigi\" \/>\n<meta property=\"article:published_time\" content=\"2019-12-06T21:39:13+00:00\" \/>\n<meta property=\"article:modified_time\" content=\"2020-12-08T08:14:56+00:00\" \/>\n<meta property=\"og:image\" content=\"https:\/\/digiculture.eu\/wp-content\/uploads\/2019\/11\/DigiCulture-Graz-1024x745.jpeg\" \/>\n\t<meta property=\"og:image:width\" content=\"1024\" \/>\n\t<meta property=\"og:image:height\" content=\"745\" \/>\n\t<meta property=\"og:image:type\" content=\"image\/jpeg\" \/>\n<meta name=\"author\" content=\"DigiCulture\" \/>\n<meta name=\"twitter:card\" content=\"summary_large_image\" \/>\n<meta name=\"twitter:creator\" content=\"@elearning_upt\" \/>\n<meta name=\"twitter:site\" content=\"@elearning_upt\" \/>\n<meta name=\"twitter:label1\" content=\"Written by\" \/>\n\t<meta name=\"twitter:data1\" content=\"DigiCulture\" \/>\n\t<meta name=\"twitter:label2\" content=\"Est. reading time\" \/>\n\t<meta name=\"twitter:data2\" content=\"2 minut\u0117s\" \/>\n<script type=\"application\/ld+json\" class=\"yoast-schema-graph\">{\"@context\":\"https:\/\/schema.org\",\"@graph\":[{\"@type\":\"Article\",\"@id\":\"https:\/\/digiculture.eu\/digiculture-3rd-project-meeting-in-graz\/#article\",\"isPartOf\":{\"@id\":\"https:\/\/digiculture.eu\/digiculture-3rd-project-meeting-in-graz\/\"},\"author\":{\"name\":\"DigiCulture\",\"@id\":\"https:\/\/digiculture.eu\/#\/schema\/person\/1d9da190a16f395930c0defc1abc649d\"},\"headline\":\"DigiCulture 3rd project meeting in Graz\",\"datePublished\":\"2019-12-06T21:39:13+00:00\",\"dateModified\":\"2020-12-08T08:14:56+00:00\",\"mainEntityOfPage\":{\"@id\":\"https:\/\/digiculture.eu\/digiculture-3rd-project-meeting-in-graz\/\"},\"wordCount\":361,\"commentCount\":0,\"publisher\":{\"@id\":\"https:\/\/digiculture.eu\/#organization\"},\"keywords\":[\"communication plan\",\"dissemination\",\"interim report\",\"milestones\",\"multiplication\",\"project meeting\",\"reporting\",\"tasks\"],\"articleSection\":[\"Latest News\",\"Meetings\"],\"inLanguage\":\"lt-LT\",\"potentialAction\":[{\"@type\":\"CommentAction\",\"name\":\"Comment\",\"target\":[\"https:\/\/digiculture.eu\/digiculture-3rd-project-meeting-in-graz\/#respond\"]}]},{\"@type\":\"WebPage\",\"@id\":\"https:\/\/digiculture.eu\/digiculture-3rd-project-meeting-in-graz\/\",\"url\":\"https:\/\/digiculture.eu\/digiculture-3rd-project-meeting-in-graz\/\",\"name\":\"DigiCulture 3rd project meeting in Graz - Digital Culture - Erasmus+ European Project\",\"isPartOf\":{\"@id\":\"https:\/\/digiculture.eu\/#website\"},\"datePublished\":\"2019-12-06T21:39:13+00:00\",\"dateModified\":\"2020-12-08T08:14:56+00:00\",\"breadcrumb\":{\"@id\":\"https:\/\/digiculture.eu\/digiculture-3rd-project-meeting-in-graz\/#breadcrumb\"},\"inLanguage\":\"lt-LT\",\"potentialAction\":[{\"@type\":\"ReadAction\",\"target\":[\"https:\/\/digiculture.eu\/digiculture-3rd-project-meeting-in-graz\/\"]}]},{\"@type\":\"BreadcrumbList\",\"@id\":\"https:\/\/digiculture.eu\/digiculture-3rd-project-meeting-in-graz\/#breadcrumb\",\"itemListElement\":[{\"@type\":\"ListItem\",\"position\":1,\"name\":\"Home\",\"item\":\"https:\/\/digiculture.eu\/\"},{\"@type\":\"ListItem\",\"position\":2,\"name\":\"DigiCulture 3rd project meeting in Graz\"}]},{\"@type\":\"WebSite\",\"@id\":\"https:\/\/digiculture.eu\/#website\",\"url\":\"https:\/\/digiculture.eu\/\",\"name\":\"Digital Culture - Erasmus+ European Project\",\"description\":\"Improving the Digital Competences and Social Inclusion of Adults in Creative Industries\",\"publisher\":{\"@id\":\"https:\/\/digiculture.eu\/#organization\"},\"potentialAction\":[{\"@type\":\"SearchAction\",\"target\":{\"@type\":\"EntryPoint\",\"urlTemplate\":\"https:\/\/digiculture.eu\/?s={search_term_string}\"},\"query-input\":\"required name=search_term_string\"}],\"inLanguage\":\"lt-LT\"},{\"@type\":\"Organization\",\"@id\":\"https:\/\/digiculture.eu\/#organization\",\"name\":\"Digiculture\",\"url\":\"https:\/\/digiculture.eu\/\",\"logo\":{\"@type\":\"ImageObject\",\"inLanguage\":\"lt-LT\",\"@id\":\"https:\/\/digiculture.eu\/#\/schema\/logo\/image\/\",\"url\":\"https:\/\/digiculture.eu\/wp-content\/uploads\/2019\/01\/Logo-Digi-Culture.png\",\"contentUrl\":\"https:\/\/digiculture.eu\/wp-content\/uploads\/2019\/01\/Logo-Digi-Culture.png\",\"width\":934,\"height\":386,\"caption\":\"Digiculture\"},\"image\":{\"@id\":\"https:\/\/digiculture.eu\/#\/schema\/logo\/image\/\"},\"sameAs\":[\"https:\/\/www.facebook.com\/CultureDigi\",\"https:\/\/twitter.com\/elearning_upt\"]},{\"@type\":\"Person\",\"@id\":\"https:\/\/digiculture.eu\/#\/schema\/person\/1d9da190a16f395930c0defc1abc649d\",\"name\":\"DigiCulture\",\"image\":{\"@type\":\"ImageObject\",\"inLanguage\":\"lt-LT\",\"@id\":\"https:\/\/digiculture.eu\/#\/schema\/person\/image\/\",\"url\":\"https:\/\/secure.gravatar.com\/avatar\/437e79a797105729bdb90a0a9148a840?s=96&d=mm&r=g\",\"contentUrl\":\"https:\/\/secure.gravatar.com\/avatar\/437e79a797105729bdb90a0a9148a840?s=96&d=mm&r=g\",\"caption\":\"DigiCulture\"},\"url\":\"https:\/\/digiculture.eu\/lt\/author\/silviuvert\/\"}]}<\/script>\n<!-- \/ Yoast SEO plugin. -->","yoast_head_json":{"title":"DigiCulture 3rd project meeting in Graz - Digital Culture - Erasmus+ European Project","robots":{"index":"index","follow":"follow","max-snippet":"max-snippet:-1","max-image-preview":"max-image-preview:large","max-video-preview":"max-video-preview:-1"},"canonical":"https:\/\/digiculture.eu\/lt\/digiculture-3rd-project-meeting-in-graz\/","og_locale":"lt_LT","og_type":"article","og_title":"DigiCulture 3rd project meeting in Graz - Digital Culture - Erasmus+ European Project","og_description":"The third transnational project meeting took place in Graz, organized by the University of Graz, on November, 14-15 2019, at the Austrian Centre for Digital Humanities. The objectives of the meeting were to discuss new PMI issues, interim report, communication plan enhanced, reporting issues, tasks and milestones, reports on partnerRead More &rarr;","og_url":"https:\/\/digiculture.eu\/lt\/digiculture-3rd-project-meeting-in-graz\/","og_site_name":"Digital Culture - Erasmus+ European Project","article_publisher":"https:\/\/www.facebook.com\/CultureDigi","article_published_time":"2019-12-06T21:39:13+00:00","article_modified_time":"2020-12-08T08:14:56+00:00","og_image":[{"width":1024,"height":745,"url":"https:\/\/digiculture.eu\/wp-content\/uploads\/2019\/11\/DigiCulture-Graz-1024x745.jpeg","type":"image\/jpeg"}],"author":"DigiCulture","twitter_card":"summary_large_image","twitter_creator":"@elearning_upt","twitter_site":"@elearning_upt","twitter_misc":{"Written by":"DigiCulture","Est. reading time":"2 minut\u0117s"},"schema":{"@context":"https:\/\/schema.org","@graph":[{"@type":"Article","@id":"https:\/\/digiculture.eu\/digiculture-3rd-project-meeting-in-graz\/#article","isPartOf":{"@id":"https:\/\/digiculture.eu\/digiculture-3rd-project-meeting-in-graz\/"},"author":{"name":"DigiCulture","@id":"https:\/\/digiculture.eu\/#\/schema\/person\/1d9da190a16f395930c0defc1abc649d"},"headline":"DigiCulture 3rd project meeting in Graz","datePublished":"2019-12-06T21:39:13+00:00","dateModified":"2020-12-08T08:14:56+00:00","mainEntityOfPage":{"@id":"https:\/\/digiculture.eu\/digiculture-3rd-project-meeting-in-graz\/"},"wordCount":361,"commentCount":0,"publisher":{"@id":"https:\/\/digiculture.eu\/#organization"},"keywords":["communication plan","dissemination","interim report","milestones","multiplication","project meeting","reporting","tasks"],"articleSection":["Latest News","Meetings"],"inLanguage":"lt-LT","potentialAction":[{"@type":"CommentAction","name":"Comment","target":["https:\/\/digiculture.eu\/digiculture-3rd-project-meeting-in-graz\/#respond"]}]},{"@type":"WebPage","@id":"https:\/\/digiculture.eu\/digiculture-3rd-project-meeting-in-graz\/","url":"https:\/\/digiculture.eu\/digiculture-3rd-project-meeting-in-graz\/","name":"DigiCulture 3rd project meeting in Graz - Digital Culture - Erasmus+ European Project","isPartOf":{"@id":"https:\/\/digiculture.eu\/#website"},"datePublished":"2019-12-06T21:39:13+00:00","dateModified":"2020-12-08T08:14:56+00:00","breadcrumb":{"@id":"https:\/\/digiculture.eu\/digiculture-3rd-project-meeting-in-graz\/#breadcrumb"},"inLanguage":"lt-LT","potentialAction":[{"@type":"ReadAction","target":["https:\/\/digiculture.eu\/digiculture-3rd-project-meeting-in-graz\/"]}]},{"@type":"BreadcrumbList","@id":"https:\/\/digiculture.eu\/digiculture-3rd-project-meeting-in-graz\/#breadcrumb","itemListElement":[{"@type":"ListItem","position":1,"name":"Home","item":"https:\/\/digiculture.eu\/"},{"@type":"ListItem","position":2,"name":"DigiCulture 3rd project meeting in Graz"}]},{"@type":"WebSite","@id":"https:\/\/digiculture.eu\/#website","url":"https:\/\/digiculture.eu\/","name":"Digital Culture - Erasmus+ European Project","description":"Improving the Digital Competences and Social Inclusion of Adults in Creative Industries","publisher":{"@id":"https:\/\/digiculture.eu\/#organization"},"potentialAction":[{"@type":"SearchAction","target":{"@type":"EntryPoint","urlTemplate":"https:\/\/digiculture.eu\/?s={search_term_string}"},"query-input":"required name=search_term_string"}],"inLanguage":"lt-LT"},{"@type":"Organization","@id":"https:\/\/digiculture.eu\/#organization","name":"Digiculture","url":"https:\/\/digiculture.eu\/","logo":{"@type":"ImageObject","inLanguage":"lt-LT","@id":"https:\/\/digiculture.eu\/#\/schema\/logo\/image\/","url":"https:\/\/digiculture.eu\/wp-content\/uploads\/2019\/01\/Logo-Digi-Culture.png","contentUrl":"https:\/\/digiculture.eu\/wp-content\/uploads\/2019\/01\/Logo-Digi-Culture.png","width":934,"height":386,"caption":"Digiculture"},"image":{"@id":"https:\/\/digiculture.eu\/#\/schema\/logo\/image\/"},"sameAs":["https:\/\/www.facebook.com\/CultureDigi","https:\/\/twitter.com\/elearning_upt"]},{"@type":"Person","@id":"https:\/\/digiculture.eu\/#\/schema\/person\/1d9da190a16f395930c0defc1abc649d","name":"DigiCulture","image":{"@type":"ImageObject","inLanguage":"lt-LT","@id":"https:\/\/digiculture.eu\/#\/schema\/person\/image\/","url":"https:\/\/secure.gravatar.com\/avatar\/437e79a797105729bdb90a0a9148a840?s=96&d=mm&r=g","contentUrl":"https:\/\/secure.gravatar.com\/avatar\/437e79a797105729bdb90a0a9148a840?s=96&d=mm&r=g","caption":"DigiCulture"},"url":"https:\/\/digiculture.eu\/lt\/author\/silviuvert\/"}]}},"_links":{"self":[{"href":"https:\/\/digiculture.eu\/lt\/wp-json\/wp\/v2\/posts\/2318"}],"collection":[{"href":"https:\/\/digiculture.eu\/lt\/wp-json\/wp\/v2\/posts"}],"about":[{"href":"https:\/\/digiculture.eu\/lt\/wp-json\/wp\/v2\/types\/post"}],"author":[{"embeddable":true,"href":"https:\/\/digiculture.eu\/lt\/wp-json\/wp\/v2\/users\/5"}],"replies":[{"embeddable":true,"href":"https:\/\/digiculture.eu\/lt\/wp-json\/wp\/v2\/comments?post=2318"}],"version-history":[{"count":5,"href":"https:\/\/digiculture.eu\/lt\/wp-json\/wp\/v2\/posts\/2318\/revisions"}],"predecessor-version":[{"id":2335,"href":"https:\/\/digiculture.eu\/lt\/wp-json\/wp\/v2\/posts\/2318\/revisions\/2335"}],"wp:featuredmedia":[{"embeddable":true,"href":"https:\/\/digiculture.eu\/lt\/wp-json\/wp\/v2\/media\/2314"}],"wp:attachment":[{"href":"https:\/\/digiculture.eu\/lt\/wp-json\/wp\/v2\/media?parent=2318"}],"wp:term":[{"taxonomy":"category","embeddable":true,"href":"https:\/\/digiculture.eu\/lt\/wp-json\/wp\/v2\/categories?post=2318"},{"taxonomy":"post_tag","embeddable":true,"href":"https:\/\/digiculture.eu\/lt\/wp-json\/wp\/v2\/tags?post=2318"}],"curies":[{"name":"wp","href":"https:\/\/api.w.org\/{rel}","templated":true}]}}