{"id":2302,"date":"2020-02-09T21:08:44","date_gmt":"2020-02-09T19:08:44","guid":{"rendered":"https:\/\/digiculture.eu\/?p=2302"},"modified":"2020-02-27T23:32:42","modified_gmt":"2020-02-27T21:32:42","slug":"how-was-the-4th-edition-of-the-digital-skills-and-competences-workshop-on-digital-culture-europeana-and-timisoara-2021","status":"publish","type":"post","link":"https:\/\/digiculture.eu\/lt\/how-was-the-4th-edition-of-the-digital-skills-and-competences-workshop-on-digital-culture-europeana-and-timisoara-2021\/","title":{"rendered":"Kaip vyko 4-asis Skaitmeni\u0173 \u012fg\u016bd\u017ei\u0173 ir kompetencij\u0173 seminaras apie skaitmenin\u0119 kult\u016br\u0105, Europeana ir Timisoara 2021"},"content":{"rendered":"<p>Timi\u0161oaros Politechnikos Universitetas pasitelkdamas e-mokymosi centro pagalb\u0105 kartu su multimedijos centru penktadien\u012f, gruod\u017eio 13 d. organizavo <a href=\"https:\/\/digiculture.eu\/lt\/workshop-digital-skills-and-competences-digital-culture-europeana-and-timisoara-2021\/\">ketvirt\u0105j\u012f skaitmenini\u0173 \u012fg\u016bd\u017ei\u0173 ir kompetencij\u0173 seminar\u0105 apie skaitmenin\u0119 kult\u016br\u0105, Europeana irTimi\u0219oara 2021.<\/a> Renginyje dalyvavo de\u0161imtys dalyvi\u0173 ir jis buvo transliuojamas internetu \u201eFacebook\u201c platformoje.<\/p>\n\n\n\n<p>Seminaras, kuriame dalyvavo de\u0161imtys tarptautini\u0173 prane\u0161\u0117j\u0173 i\u0161 JAV, Europos ir Rumunijos, buvo skirtas visiems k\u016brybini\u0173 industrij\u0173 dalyviams, kult\u016bros srities \u017emon\u0117ms, menininkams, studentams, d\u0117stytojams, d\u0117stantiems universitetin\u012f ir prie\u0161 universitetin\u012f i\u0161silavinim\u0105.<\/p>\n\n\n\n<div class=\"wp-block-button aligncenter\"><a target=\"_blank\" class=\"wp-block-button__link\" href=\"https:\/\/elearning.upt.ro\/en\/event\/workshop-digital-skills-and-competences-digital-culture-europeana-si-timisoara-2021\/\" rel=\"noopener noreferrer\">Spustel\u0117kite \u010dia nor\u0117dami pamatyti nuotraukas i\u0161 renginio<\/a><\/div>\n\n\n\n<p>\u0160io seminaro pristatymai buvo \u201eErasmus + DigiCulture\u201c projekto - \u201eSuaugusi\u0173j\u0173 skaitmenini\u0173 geb\u0117jim\u0173 ir socialin\u0117s \u012ftraukties k\u016brybin\u0117se industrijose didinimas\" strategijos dalis - sukurti nemokam\u0105 internetin\u012f kurs\u0105.<\/p>\n\n\n\n<p>Seminaro prane\u0161\u0117jai pristat\u0117 praktinius skaitmenini\u0173 element\u0173, virtualios ir papildytos realyb\u0117s (VR ir PR) taikymo ir integravimo pavyzd\u017eius \u0161vietime, kult\u016broje ir skatinant kult\u016bros paveld\u0105, taip pat k\u016brybin\u0117se industrijose. Daugiausia d\u0117mesio buvo skiriama \u201eEuropeana\u201c kolekcijoms, kult\u016brini\u0173 objekt\u0173 saugojimo programoms, \u201eTimisoara2021\u201c pristatymui \u201eEuropeanoje\u201c, taip pat \u0161i\u0173 kolekcij\u0173 panaudojimo \u0161vietime metodams.<\/p>\n\n\n\n<p>Pateikti pavyzd\u017eiai i\u0161 Europos ir Timi\u0161oaros, kaip patraukliai populiarinti muziejus, STEAM ir menus tarp jaun\u0173 \u017emoni\u0173, naudojant robotik\u0105, VR ir PR programas.<\/p>\n\n\n\n<p>Seminare taip pat buvo pristatyta Europos kult\u016bros sostin\u0117s \u201eGalway 2020\u201c skaitmenin\u0117 strategija ir bendradarbiavimo su menininkais i\u0161 Airijos galimyb\u0117s.<\/p>\n\n\n\n<p>Kitas susidom\u0117jimo objektas buvo projekto \u201eSpotlight Heritage Timi\u0219oara\u201c pristatymas, kuriame naudojamos tokios s\u0105vokos kaip skaitmeninis paveldas, integruotas \u012f interneto ir mobili\u0105sias programas, ir bendruomeni\u0173 kult\u016brinis \u012fsitraukimas.<\/p>\n\n\n\n<p>\u0160ia proga taip pat prad\u0117ta kurti skaitmenin\u0117 \u201eTimisoara2021\u201c kult\u016bros duomen\u0173 platforma, vizualin\u0117s skaitmenin\u0117s kult\u016bros programos, skirtos Europos kult\u016bros sostinei, tapatyb\u0117s i\u0161saugojimas, asmenini\u0173 ir kolektyvini\u0173 prisiminim\u0173 i\u0161saugojimas, kult\u016bros duomen\u0173 indeksavimas, archyvavimas ir ry\u0161ys su Europeana.<\/p>\n\n\n\n<p>Renginys prasid\u0117jo prof. dr. Radu Vasiu, Multimedijos centro direktoriaus sveikinimo \u017eod\u017eiu, paskui dr. Florinas Dr\u0103ganas - UPT rektorius, kalb\u0117j\u0119s apie investicij\u0173 \u012f skaitmeninim\u0105 svarb\u0105. Diana Andone, \u201eCeL\u201c direktor\u0117, kalb\u0117jo v\u0117liau ir paai\u0161kino toki\u0173 s\u0105vok\u0173 kaip \u201ek\u016brybin\u0117 industrija\u201c ar \u201eskaitmeniniai \u012fg\u016bd\u017eiai\u201c svarb\u0105 ir papasakojo apie \u201eErasmus +\u201c skaitmenin\u0117s kult\u016bros projekt\u0105.<\/p>\n\n\n\n<p>\u201eEuropeana\u201c fondas buvo pagrindinis seminaro sve\u010dias, atstovaujamas Henningo Scholzo  (\u201eEuropeanos\u201c fondo partneris ir operacij\u0173 vadovas), kuris pristat\u0117 Europos skaitmenin\u0119 bibliotek\u0105 ir jos poveik\u012f kult\u016brai. Ta pa\u010dia tema taip pat kalb\u0117jo Danas Matei (\u201eEuropeana Romania\u201c nacionalinis paveldo institutas), pristatydamas Europos skaitmenin\u0117s bibliotekos prana\u0161umus ir savybes.<\/p>\n\n\n\n<p>\u0160i tema suk\u0117l\u0117 didel\u012f auditorijos susidom\u0117jim\u0105, o po pristatymo sek\u0117 klausimai ir diskusijos apie skaitmenin\u0117s bibliotekos naudojimo Rumunijoje praktik\u0105 ir autori\u0173 teisi\u0173 \u012fstatymus.<\/p>\n\n\n\n<p>Profesor\u0117 Antonella Poce, muziejaus studij\u0173 centro \u201eRoma Tre Tre\u201c (Italija) vadov\u0117, papasakojo klausytojams apie \u201eTito Rossini\u201c projekt\u0105 ir tai, kaip mink\u0161tieji \u012fg\u016bd\u017eiai buvo ugdomi per universiteto paveiksl\u0173 kolekcijas.<\/p>\n\n\n\n<p>Doc. Mair\u00e9ad Nic Giolla Mhich\u00edl - Dublino miesto universiteto (Airija) Nacionalinio skaitmeninio mokymosi instituto Id\u0117j\u0173 laboratorijos vadov\u0117 - pristat\u0117 skaitmenin\u0117s kult\u016bros projekto Airijoje pasiekt\u0105 kult\u016brin\u012f poveik\u012f, sukuriant MOOC su kalbiniais ir kult\u016briniais airi\u0173 kalbos ypatumais.<\/p>\n\n\n\n<p>Doc. Profesorius Hendrik Knoche - Architekt\u016bros, dizaino ir medij\u0173 technologijos katedra, Olborgo universitetas, Danija - pristat\u0117 AR ir PR technologij\u0173 naudojimo b\u016bdus \u0161vietime per architekt\u016br\u0105, muziejus ir skaitmenin\u012f paveld\u0105.<\/p>\n\n\n\n<p>Vienas \u012fdomiausi\u0173 ir laukiamiausi\u0173 seminaro pristatym\u0173 buvo Denise Mc Donagh - Europos kult\u016bros sostin\u0117s \u201eGalway 2020\u201c skaitmenin\u0117s programos vadovas, kuris pristat\u0117 skaitmenin\u0119 strategij\u0105 \u201eGalway  - Europos kult\u016bros sostin\u0117 2020\u201c ir program\u0105 \u201eAtlantec\u201c.<\/p>\n\n\n\n<p>Simona Fi\u021b, Oana Romocea, Alexandra For\u021bi\u0219 ir Radu Ticiu kalb\u0117jo apie iniciatyv\u0173 serij\u0105, skirt\u0173 finansuoti, skatinti ir \u0161viesti vaikus ir jaunim\u0105 STEAM srityje: \u0218tiintesescu konkursas, Rumunijos mokslo festivalis, CoderDojo ir BioCoderDojo.<\/p>\n\n\n\n<p>Markas Frydenbergas i\u0161 Bentley universiteto (JAV) pristat\u0117 \u201eGoogle\u201c \u012fgyvendintus kult\u016bros projektus ir \u201eaprod\u0117\u201c auditorijai daugyb\u0119 tarptautini\u0173 muziej\u0173, prakti\u0161kai atkuriam\u0173 per skaitmenines technologijas.<\/p>\n\n\n\n<p>Tada dr. Diana Andone kalb\u0117jo apie \u201eErasmus +\u201c skaitmenin\u0117s kult\u016bros projekt\u0105 ir CeL komandos atliktas internetines apklausas.<\/p>\n\n\n\n<p>Sorina Jecza - \u201eInterArt Triade\u201c fondas nud\u017eiugino visuomen\u0119 meno k\u016brini\u0173 ciklais, pagyvintais papildytos ir virtualios realyb\u0117s programomis - kult\u016briniu projektu \u201eHimere valahe\u201c.<\/p>\n\n\n\n<p>Prof. Dr. Carmen Holotescu - Ioan Slavici universitetas - supa\u017eindino auditorij\u0105 su \u201eblockchain\u201c technologija ir per j\u0105 Europos lygiu \u012fgyvendinam\u0173 projekt\u0173 tipais. Ji taip pat pristat\u0117 \u012fvairias \u0161ios technologijos panaudojimo kult\u016bros srityje galimybes.<\/p>\n\n\n\n<p>Dr. Diana Andone, dr. Mugur Mocofan, dr. Vlad Mih\u0103escu, dr. Silviu Vert - Timisoaros politehnikos universitetas, kartu su Marius Cornea i\u0161 Nacionalinio Banatos muziejaus pristat\u0117 skaitmenines programas, \u012fgyvendintas \u012fgyvendinant projekt\u0105 \u201eSpotlight Heritage Timisoara\u201c, tai buvo \u012fgyvendinta CeL ir CM komand\u0173 kartu su UPT studentais bendradarbiaujant su Nacionaliniu Banatos muziejumi ir Timi\u0161oara Europos kult\u016bros sostin\u0117s asociacija 2021 m.<\/p>\n\n\n\n<p>Kitas seminaro akcentas buvo \u201eTimisoara2021\u201c skaitmenin\u0117s kult\u016bros duomen\u0173 platformos atidarymas. Dalyvaujant programoje, kuri i\u0161kovojo \u201eTimi\u0219oara 2021 - Europos kult\u016bros sostin\u0117\u201c vard\u0105, platforma buvo pristatyta k\u016brimo komandos nari\u0173: dr. Diana Andone, dr. Andrei Ternauciuc ir dr. Mugur Mocofan (Timi\u0161oaros Politechnikos universitetas).<\/p>\n\n\n\n<p>Seminaro pabaigoje Chiara Zuanni - Graco universitetas, Austrija - kalb\u0117jo apie muziej\u0173 skaitmenin\u0119 transformacij\u0105 ir naujas kuratori\u0173 bei visuomen\u0117s \u012ftraukimo formas.<\/p>\n\n\n\n<p>Vakaras baig\u0117si daugybe atvir\u0173 klausim\u0173 ir diskusij\u0173 su auditorija d\u0117l pristatyt\u0173 skaitmenini\u0173 technologij\u0173.<\/p>","protected":false},"excerpt":{"rendered":"<p>Timi\u0161oaros Politechnikos Universitetas pasitelkdamas e. mokymosi centro pagalb\u0105 kartu su multimedijos centru penktadien\u012f, gruod\u017eio 13 d. organizavo ketvirt\u0105j\u012f skaitmenini\u0173 \u012fg\u016bd\u017ei\u0173 ir kompetencij\u0173 seminar\u0105 apie skaitmenin\u0119 kult\u016br\u0105, Europeana irTimi\u0219oara 2021. Renginyje dalyvavo de\u0161imtys dalyvi\u0173 ir jis buvo transliuojamas internetu \u201eFacebook\u201c platformoje.<span class=\"more-link\"><a href=\"https:\/\/digiculture.eu\/lt\/how-was-the-4th-edition-of-the-digital-skills-and-competences-workshop-on-digital-culture-europeana-and-timisoara-2021\/\">Read More &rarr;<\/a><\/span><\/p>","protected":false},"author":5,"featured_media":2303,"comment_status":"open","ping_status":"open","sticky":false,"template":"","format":"standard","meta":{"_mi_skip_tracking":false,"_monsterinsights_sitenote_active":false,"_monsterinsights_sitenote_note":"","_monsterinsights_sitenote_category":0,"footnotes":"","_wpscppro_dont_share_socialmedia":false,"_wpscppro_custom_social_share_image":0},"categories":[43,42],"tags":[44,81,80,82],"yoast_head":"<!-- This site is optimized with the Yoast SEO plugin v21.5 - https:\/\/yoast.com\/wordpress\/plugins\/seo\/ -->\n<title>How was the 4th edition of the Digital Skills and Competences workshop on Digital Culture, Europeana and Timi\u0219oara 2021 - Digital Culture - Erasmus+ European Project<\/title>\n<meta name=\"robots\" content=\"index, follow, max-snippet:-1, max-image-preview:large, max-video-preview:-1\" \/>\n<link rel=\"canonical\" href=\"https:\/\/digiculture.eu\/lt\/how-was-the-4th-edition-of-the-digital-skills-and-competences-workshop-on-digital-culture-europeana-and-timisoara-2021\/\" \/>\n<meta property=\"og:locale\" content=\"lt_LT\" \/>\n<meta property=\"og:type\" content=\"article\" \/>\n<meta property=\"og:title\" content=\"How was the 4th edition of the Digital Skills and Competences workshop on Digital Culture, Europeana and Timi\u0219oara 2021 - Digital Culture - Erasmus+ European Project\" \/>\n<meta property=\"og:description\" content=\"The Politehnica University of Timisoara through the e-Learning Center together with the Multimedia Center have organized the fourth edition of the Digital Skills and Competences workshop on Digital Culture, Europeana and Timi\u0219oara 2021 on Friday, December 13th. The event was attended by dozens of participants and was broadcasted online, throughRead More &rarr;\" \/>\n<meta property=\"og:url\" content=\"https:\/\/digiculture.eu\/lt\/how-was-the-4th-edition-of-the-digital-skills-and-competences-workshop-on-digital-culture-europeana-and-timisoara-2021\/\" \/>\n<meta property=\"og:site_name\" content=\"Digital Culture - Erasmus+ European Project\" \/>\n<meta property=\"article:publisher\" content=\"https:\/\/www.facebook.com\/CultureDigi\" \/>\n<meta property=\"article:published_time\" content=\"2020-02-09T19:08:44+00:00\" \/>\n<meta property=\"article:modified_time\" content=\"2020-02-27T21:32:42+00:00\" \/>\n<meta property=\"og:image\" content=\"https:\/\/digiculture.eu\/wp-content\/uploads\/2020\/02\/MMD_2470.jpg\" \/>\n\t<meta property=\"og:image:width\" content=\"1200\" \/>\n\t<meta property=\"og:image:height\" content=\"801\" \/>\n\t<meta property=\"og:image:type\" content=\"image\/jpeg\" \/>\n<meta name=\"author\" content=\"DigiCulture\" \/>\n<meta name=\"twitter:card\" content=\"summary_large_image\" \/>\n<meta name=\"twitter:creator\" content=\"@elearning_upt\" \/>\n<meta name=\"twitter:site\" content=\"@elearning_upt\" \/>\n<meta name=\"twitter:label1\" content=\"Written by\" \/>\n\t<meta name=\"twitter:data1\" content=\"DigiCulture\" \/>\n\t<meta name=\"twitter:label2\" content=\"Est. reading time\" \/>\n\t<meta name=\"twitter:data2\" content=\"5 minut\u0117s\" \/>\n<script type=\"application\/ld+json\" class=\"yoast-schema-graph\">{\"@context\":\"https:\/\/schema.org\",\"@graph\":[{\"@type\":\"Article\",\"@id\":\"https:\/\/digiculture.eu\/how-was-the-4th-edition-of-the-digital-skills-and-competences-workshop-on-digital-culture-europeana-and-timisoara-2021\/#article\",\"isPartOf\":{\"@id\":\"https:\/\/digiculture.eu\/how-was-the-4th-edition-of-the-digital-skills-and-competences-workshop-on-digital-culture-europeana-and-timisoara-2021\/\"},\"author\":{\"name\":\"DigiCulture\",\"@id\":\"https:\/\/digiculture.eu\/#\/schema\/person\/1d9da190a16f395930c0defc1abc649d\"},\"headline\":\"How was the 4th edition of the Digital Skills and Competences workshop on Digital Culture, Europeana and Timi\u0219oara 2021\",\"datePublished\":\"2020-02-09T19:08:44+00:00\",\"dateModified\":\"2020-02-27T21:32:42+00:00\",\"mainEntityOfPage\":{\"@id\":\"https:\/\/digiculture.eu\/how-was-the-4th-edition-of-the-digital-skills-and-competences-workshop-on-digital-culture-europeana-and-timisoara-2021\/\"},\"wordCount\":1010,\"commentCount\":0,\"publisher\":{\"@id\":\"https:\/\/digiculture.eu\/#organization\"},\"keywords\":[\"digital culture\",\"digital skills\",\"Europeana\",\"Timisoara 2021\"],\"articleSection\":[\"Conferences\",\"Latest News\"],\"inLanguage\":\"lt-LT\",\"potentialAction\":[{\"@type\":\"CommentAction\",\"name\":\"Comment\",\"target\":[\"https:\/\/digiculture.eu\/how-was-the-4th-edition-of-the-digital-skills-and-competences-workshop-on-digital-culture-europeana-and-timisoara-2021\/#respond\"]}]},{\"@type\":\"WebPage\",\"@id\":\"https:\/\/digiculture.eu\/how-was-the-4th-edition-of-the-digital-skills-and-competences-workshop-on-digital-culture-europeana-and-timisoara-2021\/\",\"url\":\"https:\/\/digiculture.eu\/how-was-the-4th-edition-of-the-digital-skills-and-competences-workshop-on-digital-culture-europeana-and-timisoara-2021\/\",\"name\":\"How was the 4th edition of the Digital Skills and Competences workshop on Digital Culture, Europeana and Timi\u0219oara 2021 - Digital Culture - Erasmus+ European Project\",\"isPartOf\":{\"@id\":\"https:\/\/digiculture.eu\/#website\"},\"datePublished\":\"2020-02-09T19:08:44+00:00\",\"dateModified\":\"2020-02-27T21:32:42+00:00\",\"breadcrumb\":{\"@id\":\"https:\/\/digiculture.eu\/how-was-the-4th-edition-of-the-digital-skills-and-competences-workshop-on-digital-culture-europeana-and-timisoara-2021\/#breadcrumb\"},\"inLanguage\":\"lt-LT\",\"potentialAction\":[{\"@type\":\"ReadAction\",\"target\":[\"https:\/\/digiculture.eu\/how-was-the-4th-edition-of-the-digital-skills-and-competences-workshop-on-digital-culture-europeana-and-timisoara-2021\/\"]}]},{\"@type\":\"BreadcrumbList\",\"@id\":\"https:\/\/digiculture.eu\/how-was-the-4th-edition-of-the-digital-skills-and-competences-workshop-on-digital-culture-europeana-and-timisoara-2021\/#breadcrumb\",\"itemListElement\":[{\"@type\":\"ListItem\",\"position\":1,\"name\":\"Home\",\"item\":\"https:\/\/digiculture.eu\/\"},{\"@type\":\"ListItem\",\"position\":2,\"name\":\"How was the 4th edition of the Digital Skills and Competences workshop on Digital Culture, Europeana and Timi\u0219oara 2021\"}]},{\"@type\":\"WebSite\",\"@id\":\"https:\/\/digiculture.eu\/#website\",\"url\":\"https:\/\/digiculture.eu\/\",\"name\":\"Digital Culture - Erasmus+ European Project\",\"description\":\"Improving the Digital Competences and Social Inclusion of Adults in Creative Industries\",\"publisher\":{\"@id\":\"https:\/\/digiculture.eu\/#organization\"},\"potentialAction\":[{\"@type\":\"SearchAction\",\"target\":{\"@type\":\"EntryPoint\",\"urlTemplate\":\"https:\/\/digiculture.eu\/?s={search_term_string}\"},\"query-input\":\"required name=search_term_string\"}],\"inLanguage\":\"lt-LT\"},{\"@type\":\"Organization\",\"@id\":\"https:\/\/digiculture.eu\/#organization\",\"name\":\"Digiculture\",\"url\":\"https:\/\/digiculture.eu\/\",\"logo\":{\"@type\":\"ImageObject\",\"inLanguage\":\"lt-LT\",\"@id\":\"https:\/\/digiculture.eu\/#\/schema\/logo\/image\/\",\"url\":\"https:\/\/digiculture.eu\/wp-content\/uploads\/2019\/01\/Logo-Digi-Culture.png\",\"contentUrl\":\"https:\/\/digiculture.eu\/wp-content\/uploads\/2019\/01\/Logo-Digi-Culture.png\",\"width\":934,\"height\":386,\"caption\":\"Digiculture\"},\"image\":{\"@id\":\"https:\/\/digiculture.eu\/#\/schema\/logo\/image\/\"},\"sameAs\":[\"https:\/\/www.facebook.com\/CultureDigi\",\"https:\/\/twitter.com\/elearning_upt\"]},{\"@type\":\"Person\",\"@id\":\"https:\/\/digiculture.eu\/#\/schema\/person\/1d9da190a16f395930c0defc1abc649d\",\"name\":\"DigiCulture\",\"image\":{\"@type\":\"ImageObject\",\"inLanguage\":\"lt-LT\",\"@id\":\"https:\/\/digiculture.eu\/#\/schema\/person\/image\/\",\"url\":\"https:\/\/secure.gravatar.com\/avatar\/437e79a797105729bdb90a0a9148a840?s=96&d=mm&r=g\",\"contentUrl\":\"https:\/\/secure.gravatar.com\/avatar\/437e79a797105729bdb90a0a9148a840?s=96&d=mm&r=g\",\"caption\":\"DigiCulture\"},\"url\":\"https:\/\/digiculture.eu\/lt\/author\/silviuvert\/\"}]}<\/script>\n<!-- \/ Yoast SEO plugin. -->","yoast_head_json":{"title":"How was the 4th edition of the Digital Skills and Competences workshop on Digital Culture, Europeana and Timi\u0219oara 2021 - Digital Culture - Erasmus+ European Project","robots":{"index":"index","follow":"follow","max-snippet":"max-snippet:-1","max-image-preview":"max-image-preview:large","max-video-preview":"max-video-preview:-1"},"canonical":"https:\/\/digiculture.eu\/lt\/how-was-the-4th-edition-of-the-digital-skills-and-competences-workshop-on-digital-culture-europeana-and-timisoara-2021\/","og_locale":"lt_LT","og_type":"article","og_title":"How was the 4th edition of the Digital Skills and Competences workshop on Digital Culture, Europeana and Timi\u0219oara 2021 - Digital Culture - Erasmus+ European Project","og_description":"The Politehnica University of Timisoara through the e-Learning Center together with the Multimedia Center have organized the fourth edition of the Digital Skills and Competences workshop on Digital Culture, Europeana and Timi\u0219oara 2021 on Friday, December 13th. The event was attended by dozens of participants and was broadcasted online, throughRead More &rarr;","og_url":"https:\/\/digiculture.eu\/lt\/how-was-the-4th-edition-of-the-digital-skills-and-competences-workshop-on-digital-culture-europeana-and-timisoara-2021\/","og_site_name":"Digital Culture - Erasmus+ European Project","article_publisher":"https:\/\/www.facebook.com\/CultureDigi","article_published_time":"2020-02-09T19:08:44+00:00","article_modified_time":"2020-02-27T21:32:42+00:00","og_image":[{"width":1200,"height":801,"url":"https:\/\/digiculture.eu\/wp-content\/uploads\/2020\/02\/MMD_2470.jpg","type":"image\/jpeg"}],"author":"DigiCulture","twitter_card":"summary_large_image","twitter_creator":"@elearning_upt","twitter_site":"@elearning_upt","twitter_misc":{"Written by":"DigiCulture","Est. reading time":"5 minut\u0117s"},"schema":{"@context":"https:\/\/schema.org","@graph":[{"@type":"Article","@id":"https:\/\/digiculture.eu\/how-was-the-4th-edition-of-the-digital-skills-and-competences-workshop-on-digital-culture-europeana-and-timisoara-2021\/#article","isPartOf":{"@id":"https:\/\/digiculture.eu\/how-was-the-4th-edition-of-the-digital-skills-and-competences-workshop-on-digital-culture-europeana-and-timisoara-2021\/"},"author":{"name":"DigiCulture","@id":"https:\/\/digiculture.eu\/#\/schema\/person\/1d9da190a16f395930c0defc1abc649d"},"headline":"How was the 4th edition of the Digital Skills and Competences workshop on Digital Culture, Europeana and Timi\u0219oara 2021","datePublished":"2020-02-09T19:08:44+00:00","dateModified":"2020-02-27T21:32:42+00:00","mainEntityOfPage":{"@id":"https:\/\/digiculture.eu\/how-was-the-4th-edition-of-the-digital-skills-and-competences-workshop-on-digital-culture-europeana-and-timisoara-2021\/"},"wordCount":1010,"commentCount":0,"publisher":{"@id":"https:\/\/digiculture.eu\/#organization"},"keywords":["digital culture","digital skills","Europeana","Timisoara 2021"],"articleSection":["Conferences","Latest News"],"inLanguage":"lt-LT","potentialAction":[{"@type":"CommentAction","name":"Comment","target":["https:\/\/digiculture.eu\/how-was-the-4th-edition-of-the-digital-skills-and-competences-workshop-on-digital-culture-europeana-and-timisoara-2021\/#respond"]}]},{"@type":"WebPage","@id":"https:\/\/digiculture.eu\/how-was-the-4th-edition-of-the-digital-skills-and-competences-workshop-on-digital-culture-europeana-and-timisoara-2021\/","url":"https:\/\/digiculture.eu\/how-was-the-4th-edition-of-the-digital-skills-and-competences-workshop-on-digital-culture-europeana-and-timisoara-2021\/","name":"How was the 4th edition of the Digital Skills and Competences workshop on Digital Culture, Europeana and Timi\u0219oara 2021 - Digital Culture - Erasmus+ European Project","isPartOf":{"@id":"https:\/\/digiculture.eu\/#website"},"datePublished":"2020-02-09T19:08:44+00:00","dateModified":"2020-02-27T21:32:42+00:00","breadcrumb":{"@id":"https:\/\/digiculture.eu\/how-was-the-4th-edition-of-the-digital-skills-and-competences-workshop-on-digital-culture-europeana-and-timisoara-2021\/#breadcrumb"},"inLanguage":"lt-LT","potentialAction":[{"@type":"ReadAction","target":["https:\/\/digiculture.eu\/how-was-the-4th-edition-of-the-digital-skills-and-competences-workshop-on-digital-culture-europeana-and-timisoara-2021\/"]}]},{"@type":"BreadcrumbList","@id":"https:\/\/digiculture.eu\/how-was-the-4th-edition-of-the-digital-skills-and-competences-workshop-on-digital-culture-europeana-and-timisoara-2021\/#breadcrumb","itemListElement":[{"@type":"ListItem","position":1,"name":"Home","item":"https:\/\/digiculture.eu\/"},{"@type":"ListItem","position":2,"name":"How was the 4th edition of the Digital Skills and Competences workshop on Digital Culture, Europeana and Timi\u0219oara 2021"}]},{"@type":"WebSite","@id":"https:\/\/digiculture.eu\/#website","url":"https:\/\/digiculture.eu\/","name":"Digital Culture - Erasmus+ European Project","description":"Improving the Digital Competences and Social Inclusion of Adults in Creative Industries","publisher":{"@id":"https:\/\/digiculture.eu\/#organization"},"potentialAction":[{"@type":"SearchAction","target":{"@type":"EntryPoint","urlTemplate":"https:\/\/digiculture.eu\/?s={search_term_string}"},"query-input":"required name=search_term_string"}],"inLanguage":"lt-LT"},{"@type":"Organization","@id":"https:\/\/digiculture.eu\/#organization","name":"Digiculture","url":"https:\/\/digiculture.eu\/","logo":{"@type":"ImageObject","inLanguage":"lt-LT","@id":"https:\/\/digiculture.eu\/#\/schema\/logo\/image\/","url":"https:\/\/digiculture.eu\/wp-content\/uploads\/2019\/01\/Logo-Digi-Culture.png","contentUrl":"https:\/\/digiculture.eu\/wp-content\/uploads\/2019\/01\/Logo-Digi-Culture.png","width":934,"height":386,"caption":"Digiculture"},"image":{"@id":"https:\/\/digiculture.eu\/#\/schema\/logo\/image\/"},"sameAs":["https:\/\/www.facebook.com\/CultureDigi","https:\/\/twitter.com\/elearning_upt"]},{"@type":"Person","@id":"https:\/\/digiculture.eu\/#\/schema\/person\/1d9da190a16f395930c0defc1abc649d","name":"DigiCulture","image":{"@type":"ImageObject","inLanguage":"lt-LT","@id":"https:\/\/digiculture.eu\/#\/schema\/person\/image\/","url":"https:\/\/secure.gravatar.com\/avatar\/437e79a797105729bdb90a0a9148a840?s=96&d=mm&r=g","contentUrl":"https:\/\/secure.gravatar.com\/avatar\/437e79a797105729bdb90a0a9148a840?s=96&d=mm&r=g","caption":"DigiCulture"},"url":"https:\/\/digiculture.eu\/lt\/author\/silviuvert\/"}]}},"_links":{"self":[{"href":"https:\/\/digiculture.eu\/lt\/wp-json\/wp\/v2\/posts\/2302"}],"collection":[{"href":"https:\/\/digiculture.eu\/lt\/wp-json\/wp\/v2\/posts"}],"about":[{"href":"https:\/\/digiculture.eu\/lt\/wp-json\/wp\/v2\/types\/post"}],"author":[{"embeddable":true,"href":"https:\/\/digiculture.eu\/lt\/wp-json\/wp\/v2\/users\/5"}],"replies":[{"embeddable":true,"href":"https:\/\/digiculture.eu\/lt\/wp-json\/wp\/v2\/comments?post=2302"}],"version-history":[{"count":5,"href":"https:\/\/digiculture.eu\/lt\/wp-json\/wp\/v2\/posts\/2302\/revisions"}],"predecessor-version":[{"id":2461,"href":"https:\/\/digiculture.eu\/lt\/wp-json\/wp\/v2\/posts\/2302\/revisions\/2461"}],"wp:featuredmedia":[{"embeddable":true,"href":"https:\/\/digiculture.eu\/lt\/wp-json\/wp\/v2\/media\/2303"}],"wp:attachment":[{"href":"https:\/\/digiculture.eu\/lt\/wp-json\/wp\/v2\/media?parent=2302"}],"wp:term":[{"taxonomy":"category","embeddable":true,"href":"https:\/\/digiculture.eu\/lt\/wp-json\/wp\/v2\/categories?post=2302"},{"taxonomy":"post_tag","embeddable":true,"href":"https:\/\/digiculture.eu\/lt\/wp-json\/wp\/v2\/tags?post=2302"}],"curies":[{"name":"wp","href":"https:\/\/api.w.org\/{rel}","templated":true}]}}