{"id":2462,"date":"2020-03-13T10:28:03","date_gmt":"2020-03-13T08:28:03","guid":{"rendered":"https:\/\/digiculture.eu\/?p=2462"},"modified":"2020-05-27T16:27:02","modified_gmt":"2020-05-27T13:27:02","slug":"presenting-about-the-digital-culture-project-during-open-education-week-2020","status":"publish","type":"post","link":"https:\/\/digiculture.eu\/de\/presenting-about-the-digital-culture-project-during-open-education-week-2020\/","title":{"rendered":"Pr\u00e4sentation des Projekts Digitale Kultur w\u00e4hrend der Open Education Week 2020"},"content":{"rendered":"<p> Im Rahmen der Open Education Week 2020 hat die Politehnica University of Timisoara \u00fcber das e-Learning Center mit Unterst\u00fctzung der EDEN und IEEE Romania Associations die <strong>7. Auflage der Digitalen Kompetenzen f\u00fcr Open Education<\/strong>, Workshop, am Freitag, 6. M\u00e4rz. Die Veranstaltung wurde von \u00fcber 100 Teilnehmern besucht und wurde online per Live-Streaming auf der Facebook-Plattform und dem YouTube-Kanal \u00fcbertragen. <\/p>\n\n\n\n<p> Mit 20 internationalen Referenten aus ganz Europa und Rum\u00e4nien beleuchtete der Workshop die Auswirkungen der Offenheit im digitalen Zeitalter, von der Politik auf Einzelpersonen, Lehrer und Sch\u00fcler. Mit einer mehrj\u00e4hrigen Implementierungsgeschichte wurde untersucht, wie offene Bildungsressourcen (<strong>OER<\/strong>), massiv offene Online-Kurse (<strong>MOOC<\/strong>),&nbsp;<strong>Offene Kultur<\/strong>&nbsp;und&nbsp;<strong>Offene Wissenschaft<\/strong>&nbsp;k\u00f6nnen in alle Bildungs- und Ausbildungsstufen innerhalb von Institutionen und Unternehmen integriert werden. Es gab praktische Beispiele f\u00fcr die Nutzung und Integration von Open Education, Studierende als Co-Creator, Mobile Learning, Augmented und Virtual Reality in der Bildung, Open Research, wie der Begriff Blockchain die Bildung beeinflusst, aber auch wie sich offene und digitale Begriffe in Kultur und Kulturerbe widerspiegeln .  <\/p>\n\n\n\n<div class=\"wp-block-button aligncenter\"><a target=\"_blank\" class=\"wp-block-button__link\" href=\"https:\/\/elearning.upt.ro\/en\/event\/workshop-competentele-digitale-si-educatia-deschisa\/\" rel=\"noopener noreferrer\">Klicken Sie hier, um FOTOS von der Veranstaltung zu sehen<\/a><\/div>\n\n\n\n<p><strong>Offene Bildungswoche<\/strong> ist eine vom Weltverband Open Education Consortium gef\u00f6rderte Veranstaltung mit dem Ziel, die M\u00f6glichkeiten der offenen Bildung, die Ergebnisse ihrer Integration in alle Bildungsformen, sei es die Entwicklung von F\u00e4higkeiten oder Wissen am Arbeitsplatz, zu pr\u00e4sentieren, um sie zu unterst\u00fctzen der Hochschul- oder Sekundarschulbildung oder einfach um etwas Neues zu lernen, bezogen auf die individuellen Interessen jedes Einzelnen. <\/p>\n\n\n\n<p>Projektkoordinator Dr. Diana Andone von UPT, in ihrer Pr\u00e4sentation <em>Offene und gemischte Aus- und Weiterbildung f\u00fcr digitale Kompetenzen<\/em>, pr\u00e4sentierte die Entwicklung von DigiCulture-Modulen durch das UPT-Team. <\/p>\n\n\n\n<p> Eine weitere Pr\u00e4sentation, die in Kursmodulen des DigiCulture-Projekts pr\u00e4sentiert wird, war <em>Integration von AR\/VR-Technologien in Kultur und Bildung. Der Fall der Spotlight Heritage-Studie<\/em>, erstellt von UPT-Teammitgliedern und Dozent Dr. Silviu Vert. Spotlight Heritage Timi\u0219oara verwendet Konzepte wie das digitale Erbe, integriert in Web- und mobile Anwendungen und die kulturelle Beteiligung von Gemeinden. <\/p>\n\n\n\n<p>Am Ende der Veranstaltung gab es eine Reihe von offenen Fragen und Diskussionen mit dem Publikum im Raum zu den vorgestellten digitalen Technologien und offenen Nutzungen von Bildung in kulturellen Aspekten. <\/p>","protected":false},"excerpt":{"rendered":"<p>Im Rahmen der Open Education Week 2020 hat die Politehnica University of Timisoara durch das e-Learning Center mit Unterst\u00fctzung der EDEN und IEEE Romania Associations die 7. Ausgabe des Workshops Digital Competences for Open Education am Freitag, den 6. M\u00e4rz, organisiert. An der Veranstaltung nahmen \u00fcber 100<span class=\"more-link\"><a href=\"https:\/\/digiculture.eu\/de\/presenting-about-the-digital-culture-project-during-open-education-week-2020\/\">Read More &rarr;<\/a><\/span><\/p>","protected":false},"author":16,"featured_media":2465,"comment_status":"open","ping_status":"open","sticky":false,"template":"","format":"standard","meta":{"_mi_skip_tracking":false,"_monsterinsights_sitenote_active":false,"_monsterinsights_sitenote_note":"","_monsterinsights_sitenote_category":0,"footnotes":"","_wpscppro_dont_share_socialmedia":false,"_wpscppro_custom_social_share_image":0},"categories":[43,42],"tags":[44,81,48],"yoast_head":"<!-- This site is optimized with the Yoast SEO plugin v21.5 - https:\/\/yoast.com\/wordpress\/plugins\/seo\/ -->\n<title>Presenting about the Digital Culture project during Open Education Week 2020 - Digital Culture - Erasmus+ European Project<\/title>\n<meta name=\"robots\" content=\"index, follow, max-snippet:-1, max-image-preview:large, max-video-preview:-1\" \/>\n<link rel=\"canonical\" href=\"https:\/\/digiculture.eu\/de\/presenting-about-the-digital-culture-project-during-open-education-week-2020\/\" \/>\n<meta property=\"og:locale\" content=\"de_DE\" \/>\n<meta property=\"og:type\" content=\"article\" \/>\n<meta property=\"og:title\" content=\"Presenting about the Digital Culture project during Open Education Week 2020 - Digital Culture - Erasmus+ European Project\" \/>\n<meta property=\"og:description\" content=\"Part of the Open Education Week 2020, The Politehnica University of Timisoara through the e-Learning Center with the support of the EDEN and IEEE Romania Associations have organized the 7th edition of the Digital Competences for Open Education, workshop, on Friday, March 6th. The event was attended by over 100Read More &rarr;\" \/>\n<meta property=\"og:url\" content=\"https:\/\/digiculture.eu\/de\/presenting-about-the-digital-culture-project-during-open-education-week-2020\/\" \/>\n<meta property=\"og:site_name\" content=\"Digital Culture - Erasmus+ European Project\" \/>\n<meta property=\"article:publisher\" content=\"https:\/\/www.facebook.com\/CultureDigi\" \/>\n<meta property=\"article:published_time\" content=\"2020-03-13T08:28:03+00:00\" \/>\n<meta property=\"article:modified_time\" content=\"2020-05-27T13:27:02+00:00\" \/>\n<meta property=\"og:image\" content=\"https:\/\/digiculture.eu\/wp-content\/uploads\/2020\/03\/IMG_2473-1024x683.jpg\" \/>\n\t<meta property=\"og:image:width\" content=\"1024\" \/>\n\t<meta property=\"og:image:height\" content=\"683\" \/>\n\t<meta property=\"og:image:type\" content=\"image\/jpeg\" \/>\n<meta name=\"author\" content=\"DigiCulture\" \/>\n<meta name=\"twitter:card\" content=\"summary_large_image\" \/>\n<meta name=\"twitter:creator\" content=\"@elearning_upt\" \/>\n<meta name=\"twitter:site\" content=\"@elearning_upt\" \/>\n<meta name=\"twitter:label1\" content=\"Verfasst von\" \/>\n\t<meta name=\"twitter:data1\" content=\"DigiCulture\" \/>\n\t<meta name=\"twitter:label2\" content=\"Gesch\u00e4tzte Lesezeit\" \/>\n\t<meta name=\"twitter:data2\" content=\"2\u00a0Minuten\" \/>\n<script type=\"application\/ld+json\" class=\"yoast-schema-graph\">{\"@context\":\"https:\/\/schema.org\",\"@graph\":[{\"@type\":\"Article\",\"@id\":\"https:\/\/digiculture.eu\/presenting-about-the-digital-culture-project-during-open-education-week-2020\/#article\",\"isPartOf\":{\"@id\":\"https:\/\/digiculture.eu\/presenting-about-the-digital-culture-project-during-open-education-week-2020\/\"},\"author\":{\"name\":\"DigiCulture\",\"@id\":\"https:\/\/digiculture.eu\/#\/schema\/person\/a0cffb92dfd981ae05745ea02e218f9e\"},\"headline\":\"Presenting about the Digital Culture project during Open Education Week 2020\",\"datePublished\":\"2020-03-13T08:28:03+00:00\",\"dateModified\":\"2020-05-27T13:27:02+00:00\",\"mainEntityOfPage\":{\"@id\":\"https:\/\/digiculture.eu\/presenting-about-the-digital-culture-project-during-open-education-week-2020\/\"},\"wordCount\":385,\"commentCount\":0,\"publisher\":{\"@id\":\"https:\/\/digiculture.eu\/#organization\"},\"keywords\":[\"digital culture\",\"digital skills\",\"open education week\"],\"articleSection\":[\"Conferences\",\"Latest News\"],\"inLanguage\":\"de\",\"potentialAction\":[{\"@type\":\"CommentAction\",\"name\":\"Comment\",\"target\":[\"https:\/\/digiculture.eu\/presenting-about-the-digital-culture-project-during-open-education-week-2020\/#respond\"]}]},{\"@type\":\"WebPage\",\"@id\":\"https:\/\/digiculture.eu\/presenting-about-the-digital-culture-project-during-open-education-week-2020\/\",\"url\":\"https:\/\/digiculture.eu\/presenting-about-the-digital-culture-project-during-open-education-week-2020\/\",\"name\":\"Presenting about the Digital Culture project during Open Education Week 2020 - Digital Culture - Erasmus+ European Project\",\"isPartOf\":{\"@id\":\"https:\/\/digiculture.eu\/#website\"},\"datePublished\":\"2020-03-13T08:28:03+00:00\",\"dateModified\":\"2020-05-27T13:27:02+00:00\",\"breadcrumb\":{\"@id\":\"https:\/\/digiculture.eu\/presenting-about-the-digital-culture-project-during-open-education-week-2020\/#breadcrumb\"},\"inLanguage\":\"de\",\"potentialAction\":[{\"@type\":\"ReadAction\",\"target\":[\"https:\/\/digiculture.eu\/presenting-about-the-digital-culture-project-during-open-education-week-2020\/\"]}]},{\"@type\":\"BreadcrumbList\",\"@id\":\"https:\/\/digiculture.eu\/presenting-about-the-digital-culture-project-during-open-education-week-2020\/#breadcrumb\",\"itemListElement\":[{\"@type\":\"ListItem\",\"position\":1,\"name\":\"Home\",\"item\":\"https:\/\/digiculture.eu\/\"},{\"@type\":\"ListItem\",\"position\":2,\"name\":\"Presenting about the Digital Culture project during Open Education Week 2020\"}]},{\"@type\":\"WebSite\",\"@id\":\"https:\/\/digiculture.eu\/#website\",\"url\":\"https:\/\/digiculture.eu\/\",\"name\":\"Digital Culture - Erasmus+ European Project\",\"description\":\"Improving the Digital Competences and Social Inclusion of Adults in Creative Industries\",\"publisher\":{\"@id\":\"https:\/\/digiculture.eu\/#organization\"},\"potentialAction\":[{\"@type\":\"SearchAction\",\"target\":{\"@type\":\"EntryPoint\",\"urlTemplate\":\"https:\/\/digiculture.eu\/?s={search_term_string}\"},\"query-input\":\"required name=search_term_string\"}],\"inLanguage\":\"de\"},{\"@type\":\"Organization\",\"@id\":\"https:\/\/digiculture.eu\/#organization\",\"name\":\"Digiculture\",\"url\":\"https:\/\/digiculture.eu\/\",\"logo\":{\"@type\":\"ImageObject\",\"inLanguage\":\"de\",\"@id\":\"https:\/\/digiculture.eu\/#\/schema\/logo\/image\/\",\"url\":\"https:\/\/digiculture.eu\/wp-content\/uploads\/2019\/01\/Logo-Digi-Culture.png\",\"contentUrl\":\"https:\/\/digiculture.eu\/wp-content\/uploads\/2019\/01\/Logo-Digi-Culture.png\",\"width\":934,\"height\":386,\"caption\":\"Digiculture\"},\"image\":{\"@id\":\"https:\/\/digiculture.eu\/#\/schema\/logo\/image\/\"},\"sameAs\":[\"https:\/\/www.facebook.com\/CultureDigi\",\"https:\/\/twitter.com\/elearning_upt\"]},{\"@type\":\"Person\",\"@id\":\"https:\/\/digiculture.eu\/#\/schema\/person\/a0cffb92dfd981ae05745ea02e218f9e\",\"name\":\"DigiCulture\",\"image\":{\"@type\":\"ImageObject\",\"inLanguage\":\"de\",\"@id\":\"https:\/\/digiculture.eu\/#\/schema\/person\/image\/\",\"url\":\"https:\/\/secure.gravatar.com\/avatar\/28cc2764bc821fcfbb4101320541c72d?s=96&d=mm&r=g\",\"contentUrl\":\"https:\/\/secure.gravatar.com\/avatar\/28cc2764bc821fcfbb4101320541c72d?s=96&d=mm&r=g\",\"caption\":\"DigiCulture\"},\"url\":\"https:\/\/digiculture.eu\/de\/author\/vlad\/\"}]}<\/script>\n<!-- \/ Yoast SEO plugin. -->","yoast_head_json":{"title":"Presenting about the Digital Culture project during Open Education Week 2020 - Digital Culture - Erasmus+ European Project","robots":{"index":"index","follow":"follow","max-snippet":"max-snippet:-1","max-image-preview":"max-image-preview:large","max-video-preview":"max-video-preview:-1"},"canonical":"https:\/\/digiculture.eu\/de\/presenting-about-the-digital-culture-project-during-open-education-week-2020\/","og_locale":"de_DE","og_type":"article","og_title":"Presenting about the Digital Culture project during Open Education Week 2020 - Digital Culture - Erasmus+ European Project","og_description":"Part of the Open Education Week 2020, The Politehnica University of Timisoara through the e-Learning Center with the support of the EDEN and IEEE Romania Associations have organized the 7th edition of the Digital Competences for Open Education, workshop, on Friday, March 6th. The event was attended by over 100Read More &rarr;","og_url":"https:\/\/digiculture.eu\/de\/presenting-about-the-digital-culture-project-during-open-education-week-2020\/","og_site_name":"Digital Culture - Erasmus+ European Project","article_publisher":"https:\/\/www.facebook.com\/CultureDigi","article_published_time":"2020-03-13T08:28:03+00:00","article_modified_time":"2020-05-27T13:27:02+00:00","og_image":[{"width":1024,"height":683,"url":"https:\/\/digiculture.eu\/wp-content\/uploads\/2020\/03\/IMG_2473-1024x683.jpg","type":"image\/jpeg"}],"author":"DigiCulture","twitter_card":"summary_large_image","twitter_creator":"@elearning_upt","twitter_site":"@elearning_upt","twitter_misc":{"Verfasst von":"DigiCulture","Gesch\u00e4tzte Lesezeit":"2\u00a0Minuten"},"schema":{"@context":"https:\/\/schema.org","@graph":[{"@type":"Article","@id":"https:\/\/digiculture.eu\/presenting-about-the-digital-culture-project-during-open-education-week-2020\/#article","isPartOf":{"@id":"https:\/\/digiculture.eu\/presenting-about-the-digital-culture-project-during-open-education-week-2020\/"},"author":{"name":"DigiCulture","@id":"https:\/\/digiculture.eu\/#\/schema\/person\/a0cffb92dfd981ae05745ea02e218f9e"},"headline":"Presenting about the Digital Culture project during Open Education Week 2020","datePublished":"2020-03-13T08:28:03+00:00","dateModified":"2020-05-27T13:27:02+00:00","mainEntityOfPage":{"@id":"https:\/\/digiculture.eu\/presenting-about-the-digital-culture-project-during-open-education-week-2020\/"},"wordCount":385,"commentCount":0,"publisher":{"@id":"https:\/\/digiculture.eu\/#organization"},"keywords":["digital culture","digital skills","open education week"],"articleSection":["Conferences","Latest News"],"inLanguage":"de","potentialAction":[{"@type":"CommentAction","name":"Comment","target":["https:\/\/digiculture.eu\/presenting-about-the-digital-culture-project-during-open-education-week-2020\/#respond"]}]},{"@type":"WebPage","@id":"https:\/\/digiculture.eu\/presenting-about-the-digital-culture-project-during-open-education-week-2020\/","url":"https:\/\/digiculture.eu\/presenting-about-the-digital-culture-project-during-open-education-week-2020\/","name":"Presenting about the Digital Culture project during Open Education Week 2020 - Digital Culture - Erasmus+ European Project","isPartOf":{"@id":"https:\/\/digiculture.eu\/#website"},"datePublished":"2020-03-13T08:28:03+00:00","dateModified":"2020-05-27T13:27:02+00:00","breadcrumb":{"@id":"https:\/\/digiculture.eu\/presenting-about-the-digital-culture-project-during-open-education-week-2020\/#breadcrumb"},"inLanguage":"de","potentialAction":[{"@type":"ReadAction","target":["https:\/\/digiculture.eu\/presenting-about-the-digital-culture-project-during-open-education-week-2020\/"]}]},{"@type":"BreadcrumbList","@id":"https:\/\/digiculture.eu\/presenting-about-the-digital-culture-project-during-open-education-week-2020\/#breadcrumb","itemListElement":[{"@type":"ListItem","position":1,"name":"Home","item":"https:\/\/digiculture.eu\/"},{"@type":"ListItem","position":2,"name":"Presenting about the Digital Culture project during Open Education Week 2020"}]},{"@type":"WebSite","@id":"https:\/\/digiculture.eu\/#website","url":"https:\/\/digiculture.eu\/","name":"Digital Culture - Erasmus+ European Project","description":"Improving the Digital Competences and Social Inclusion of Adults in Creative Industries","publisher":{"@id":"https:\/\/digiculture.eu\/#organization"},"potentialAction":[{"@type":"SearchAction","target":{"@type":"EntryPoint","urlTemplate":"https:\/\/digiculture.eu\/?s={search_term_string}"},"query-input":"required name=search_term_string"}],"inLanguage":"de"},{"@type":"Organization","@id":"https:\/\/digiculture.eu\/#organization","name":"Digiculture","url":"https:\/\/digiculture.eu\/","logo":{"@type":"ImageObject","inLanguage":"de","@id":"https:\/\/digiculture.eu\/#\/schema\/logo\/image\/","url":"https:\/\/digiculture.eu\/wp-content\/uploads\/2019\/01\/Logo-Digi-Culture.png","contentUrl":"https:\/\/digiculture.eu\/wp-content\/uploads\/2019\/01\/Logo-Digi-Culture.png","width":934,"height":386,"caption":"Digiculture"},"image":{"@id":"https:\/\/digiculture.eu\/#\/schema\/logo\/image\/"},"sameAs":["https:\/\/www.facebook.com\/CultureDigi","https:\/\/twitter.com\/elearning_upt"]},{"@type":"Person","@id":"https:\/\/digiculture.eu\/#\/schema\/person\/a0cffb92dfd981ae05745ea02e218f9e","name":"DigiCulture","image":{"@type":"ImageObject","inLanguage":"de","@id":"https:\/\/digiculture.eu\/#\/schema\/person\/image\/","url":"https:\/\/secure.gravatar.com\/avatar\/28cc2764bc821fcfbb4101320541c72d?s=96&d=mm&r=g","contentUrl":"https:\/\/secure.gravatar.com\/avatar\/28cc2764bc821fcfbb4101320541c72d?s=96&d=mm&r=g","caption":"DigiCulture"},"url":"https:\/\/digiculture.eu\/de\/author\/vlad\/"}]}},"_links":{"self":[{"href":"https:\/\/digiculture.eu\/de\/wp-json\/wp\/v2\/posts\/2462"}],"collection":[{"href":"https:\/\/digiculture.eu\/de\/wp-json\/wp\/v2\/posts"}],"about":[{"href":"https:\/\/digiculture.eu\/de\/wp-json\/wp\/v2\/types\/post"}],"author":[{"embeddable":true,"href":"https:\/\/digiculture.eu\/de\/wp-json\/wp\/v2\/users\/16"}],"replies":[{"embeddable":true,"href":"https:\/\/digiculture.eu\/de\/wp-json\/wp\/v2\/comments?post=2462"}],"version-history":[{"count":3,"href":"https:\/\/digiculture.eu\/de\/wp-json\/wp\/v2\/posts\/2462\/revisions"}],"predecessor-version":[{"id":2466,"href":"https:\/\/digiculture.eu\/de\/wp-json\/wp\/v2\/posts\/2462\/revisions\/2466"}],"wp:featuredmedia":[{"embeddable":true,"href":"https:\/\/digiculture.eu\/de\/wp-json\/wp\/v2\/media\/2465"}],"wp:attachment":[{"href":"https:\/\/digiculture.eu\/de\/wp-json\/wp\/v2\/media?parent=2462"}],"wp:term":[{"taxonomy":"category","embeddable":true,"href":"https:\/\/digiculture.eu\/de\/wp-json\/wp\/v2\/categories?post=2462"},{"taxonomy":"post_tag","embeddable":true,"href":"https:\/\/digiculture.eu\/de\/wp-json\/wp\/v2\/tags?post=2462"}],"curies":[{"name":"wp","href":"https:\/\/api.w.org\/{rel}","templated":true}]}}